{"success":true,"items":[{"id":"38839","directory":"\/politik-und-verwaltung\/presse\/mitteilungen\/28624","presse_jahr":"2026","presse_monat":"09","presse_tag":"01","presse_uhrzeit":"11:23","teaser_de":"Neuer Gr\u00fcnzug in Flittard und Stammheim geplant","textblock_9_0":"<p>Mit dem im Jahr 2021 erstellten Integrierten Stadtentwicklungskonzept (ISEK) der Stadt K\u00f6ln zur Vervollst\u00e4ndigung des \u00c4u\u00dferen Gr\u00fcng\u00fcrtels wurde das Ziel formuliert, den linksrheinischen Gr\u00fcng\u00fcrtel \u00fcber den Rhein ins Rechtsrheinische \"springen\" zu lassen. Bei der Umsetzung dieses Ziels spielt der geplante \"GR\u00dcNZUG Flittard-Stammheim\" eine wesentliche Rolle.<\/p><p>Mit dem Gr\u00fcnzug soll ein attraktiver Ort f\u00fcr alle K\u00f6lner*innen entstehen, der ein Gleichgewicht zwischen Erholung, aktiver Freizeitnutzung sowie \u00f6kologischen und klimatischen Belangen schafft.<\/p><p>Um die W\u00fcnsche und Anregungen der B\u00fcrger*innen von Anfang an miteinzubeziehen, findet vom 10. September bis einschlie\u00dflich 1. Oktober 2026 eine Online-Beteiligung auf dem Beteiligungsportal der Stadt K\u00f6ln statt:<\/p><p><a title=\"https:\/\/meinungfuer.koeln\/gruenzug-flittard-stammheim\" href=\"https:\/\/meinungfuer.koeln\/gruenzug-flittard-stammheim\">GR\u00dcNZUG Flittard-Stammheim | Beteiligungsportal der Stadt K\u00f6ln<\/a>.<\/p><p>Zus\u00e4tzlich wird es am 24. September 2026 die M\u00f6glichkeit geben, vor Ort seine Meinung einzubringen: Von 9.30 bis 12.30 Uhr vor dem Eiscaf\u00e9 Guerino de Marco, Bonhoefferstra\u00dfe 21, in K\u00f6ln-Stammheim und von 13.30 bis 17 Uhr vor dem BATUKU KIOSK, Ecke Edelhofstra\u00dfe\/Evergerstra\u00dfe in K\u00f6ln-Flittard.<\/p>","timestamp":"2026-09-01 11:26:22","title_de":"Meinung der B\u00fcrger* innen ist gefragt","untertitle":"Neuer Gr\u00fcnzug in Flittard und Stammheim geplant","url":"\/politik-und-verwaltung\/presse\/mitteilungen\/28624\/index.html"},{"id":"38837","directory":"\/politik-und-verwaltung\/presse\/mitteilungen\/28623","presse_jahr":"2026","presse_monat":"09","presse_tag":"01","presse_uhrzeit":"10:15","teaser_de":"9.000 Erstkl\u00e4ssler*innen beginnen ihre Schullaufbahn","textblock_9_0":"<p>Nach den Sommerferien beginnen rund 9.000 Kinder an 145 st\u00e4dtischen Grundschulen sowie 13 Ersatz- und Privatschulen in K\u00f6ln ihre Schullaufbahn. An den st\u00e4dtischen Grundschulen konnten nahezu 99 Prozent der Erst- und Zweitw\u00fcnsche zur Schulwahl der Sorgeberechtigten erf\u00fcllt werden.<\/p><p>Insgesamt wechseln 9.099 Sch\u00fcler*innen zum neuen Schuljahr auf eine der 86 weiterf\u00fchrenden Schulen in st\u00e4dtischer Tr\u00e4gerschaft. Davon besuchen 2.726 eine Gesamtschule, 3.978 ein Gymnasium, 1.340 eine Realschule und 251 eine Hauptschule. Zudem haben 804 Sch\u00fcler*innen einen Platz an einer der 13 freien oder kirchlichen Schulen erhalten.<\/p><p><strong>Ganzt\u00e4gige F\u00f6rderung: Rechtsanspruch wird umgesetzt<\/strong><\/p><p>F\u00fcr das Schuljahr 2026\/2027 stehen rund 36.000 Pl\u00e4tze im Offenen Ganztag zur Verf\u00fcgung, was einer Versorgungsquote von 91 Prozent entspricht. Voraussichtlich erhalten alle Erstkl\u00e4ssler*innen an Grundschulen einen Platz im Ganztag.<\/p><p>Robert Voigtsberger, Beigeordneter f\u00fcr Bildung, Jugend und Sport der Stadt K\u00f6ln:<\/p><blockquote><p>Die hohe Versorgungsquote im Ganztag ist Ausdruck unserer konsequenten Strategie, Bildungs- und Betreuungsangebote in K\u00f6ln auszubauen. Damit schaffen wir Raum f\u00fcr Bildung, Betreuung und soziale Teilhabe.<\/p><\/blockquote><p>Anne Lena Ritter, Leiterin des Amtes f\u00fcr Schulentwicklung der Stadt K\u00f6ln:<\/p><blockquote><p>Eine so hohe Versorgungsquote konnte nur durch die enge Zusammenarbeit aller Beteiligten sowie die Offenheit, auch innovative L\u00f6sungen zu finden, erreicht werden.<\/p><\/blockquote><p>Um den Rechtsanspruch auf ganzt\u00e4gige F\u00f6rderung bis 2029\/2030 f\u00fcr alle Grundschulkinder sicherzustellen, werden Kooperationen mit Jugendeinrichtungen, kirchlichen Institutionen und Sportvereinen ausgebaut, insbesondere in den rechtsrheinischen Stadtbezirken sowie in Chorweiler. Auch an den gebundenen Ganztagsf\u00f6rderschulen wird die Ferienbetreuung gew\u00e4hrleistet.<\/p><p><strong>R\u00fcckkehr zum neunj\u00e4hrigen Gymnasium (G9)<\/strong><\/p><p>Mit dem neuen Schuljahr kehren die Gymnasien in <abbr lang=\"de\" title=\"Nordrhein-Westfalen\" xml:lang=\"de\">NRW<\/abbr> zur neunj\u00e4hrigen Schulzeit zur\u00fcck. Sch\u00fcler*innen legen ihr Abitur nach insgesamt 13 Schuljahren ab. In K\u00f6ln betrifft dies rund 3.150 Sch\u00fcler*innen, die ein Jahr l\u00e4nger an ihren Schulen bleiben werden. Die R\u00fcckkehr zu G9 ist an allen st\u00e4dtischen Gymnasien durch ausreichende Platzzahlen gesichert.<\/p><p>Robert Voigtsberger:<\/p><blockquote><p>Die R\u00fcckkehr zu G9 hat uns als Schultr\u00e4ger vor enorme Herausforderungen gestellt. Dank fr\u00fchzeitiger Planung, zielgerichteter Bauma\u00dfnahmen und innovativer \u00dcbergangsl\u00f6sungen haben wir das Ziel im Schulterschluss aller Beteiligten erreicht.<\/p><\/blockquote><p>Um diese l\u00e4ngere Schulzeit zu erm\u00f6glichen, waren an 13 der 37 Gymnasien r\u00e4umliche Anpassungen notwendig. Die Stadtverwaltung hat in enger Abstimmung mit Schulleitungen und Schulaufsicht (Bezirksregierung) die erforderlichen Ma\u00dfnahmen vorbereitet. Auch an den wenigen Standorten, an denen bauliche Arbeiten noch nicht abgeschlossen sind, startet G9 planm\u00e4\u00dfig zum ersten Schultag.<\/p>","timestamp":"2026-09-01 10:28:50","title_de":"Start ins Schuljahr 2026\/2027 in K\u00f6ln","untertitle":"9.000 Erstkl\u00e4ssler*innen beginnen ihre Schullaufbahn","url":"\/politik-und-verwaltung\/presse\/mitteilungen\/28623\/index.html"},{"id":"38835","directory":"\/politik-und-verwaltung\/presse\/mitteilungen\/28622","presse_jahr":"2026","presse_monat":"08","presse_tag":"31","presse_uhrzeit":"16:45","teaser_de":"Vorsicht an der Kreuzung Richard-Wagner-Stra\u00dfe\/H\u00e4ndelstra\u00dfe","textblock_9_0":"<p>Am Montag, 31. August 2026 ist das Steuerger\u00e4t f\u00fcr die Ampelanlage im Kreuzungsbereich Richard-Wagner-Stra\u00dfe\/H\u00e4ndelstra\u00dfe irreparabel ausgefallen. Bis zur Inbetriebnahme eines Ersatzsteuerger\u00e4tes fr\u00fchestens Mitte n\u00e4chster Woche sind auf der H\u00e4ndelstra\u00dfe im Kreuzungsbereich sowohl die Geradeausspur als auch eine der beiden Linksabbiegespuren gesperrt. Wer auf der H\u00e4ndelstra\u00dfe auf die Kreuzung zuf\u00e4hrt, kann nur noch (einspurig) links abbiegen. Zudem muss der Fu\u00dfg\u00e4nger\u00fcberweg \u00fcber die Richard-Wagner-Stra\u00dfe gesperrt werden. Im Kreuzungsbereich gilt Tempo 30.<\/p>","timestamp":"2026-08-31 16:46:55","title_de":"Ampelausfall in der Innenstadt","untertitle":"Vorsicht an der Kreuzung Richard-Wagner-Stra\u00dfe\/H\u00e4ndelstra\u00dfe","url":"\/politik-und-verwaltung\/presse\/mitteilungen\/28622\/index.html"},{"id":"38833","directory":"\/politik-und-verwaltung\/presse\/mitteilungen\/28621","presse_jahr":"2026","presse_monat":"08","presse_tag":"31","presse_uhrzeit":"12:50","teaser_de":"Britische F\u00fcnf-Zentner-Bombe muss heute entsch\u00e4rft werden","textblock_9_0":"<p>In Humboldt wurde am heutigen Vormittag, 31. August 2026, im Bereich der Westerwaldstra\u00dfe in K\u00f6ln-Humboldt ein Bombenblindg\u00e4nger aus dem Zweiten Weltkrieg gefunden. Es handelt sich um eine britische F\u00fcnf-Zentner-Bombe mit Aufschlagz\u00fcnder.<\/p><p>Das Kampfmittel muss noch heute entsch\u00e4rft werden. Daf\u00fcr muss der Gefahrenbereich abgesperrt und evakuiert werden. Der Kampfmittelbeseitigungsdienst Rheinland der Bezirksregierung D\u00fcsseldorf (KBD) und das Ordnungsamt der Stadt K\u00f6ln sind vor Ort.<\/p><p>Das Ordnungsamt entscheidet \u00fcber alle weiteren Ma\u00dfnahmen zur Absperrung und Evakuierung. Der endg\u00fcltige Gefahrenbereich wurde vom <abbr lang=\"de\" title=\"Kampfmittelbeseitigungsdienst\" xml:lang=\"de\">KBD<\/abbr> mit einem vorl\u00e4ufigen Radius von 300 Metern festgelegt. Rund 2.700 Personen werden von Evakuierungen betroffen sein. Auch der \u00f6stliche Zubringer muss f\u00fcr den Verkehr gesperrt werden. Wann der Blindg\u00e4nger entsch\u00e4rft werden kann, steht noch nicht fest.<\/p><p>Eine Anlaufstelle wird im Thusneldagymnasium, Thusneldastra\u00dfe 15-17, K\u00f6ln-Deutz, eingerichtet. Wann diese \u00f6ffnet, steht noch nicht fest. Bitte beachten Sie die Karte mit dem Evakuierungsbereich. Hier k\u00f6nnen sich noch \u00c4nderungen ergeben.<\/p><p>Wegen Stra\u00dfensperren und damit verbundenen Verkehrsbehinderungen wird gebeten, sich auf der Internetseite der Stadt K\u00f6ln (<a title=\"https:\/\/www.stadt-koeln.de\/\" href=\"https:\/\/www.stadt-koeln.de\/\">www.stadt.koeln<\/a>), bei Radio K\u00f6ln, <abbr lang=\"de\" title=\"Westdeutscher Rundfunk\" xml:lang=\"de\">WDR<\/abbr> und anderen Medien sowie <span class=\"sprache\" lang=\"en\" xml:lang=\"en\">online<\/span> bei den K\u00f6lner Verkehrs-Betrieben (KVB) und weiteren betroffenen Verkehrsunternehmen zu informieren.<\/p>","timestamp":"2026-08-31 13:06:02","title_de":"Weltkriegsbombe in K\u00f6ln-Humboldt\/Gremberg gefunden","untertitle":"Britische F\u00fcnf-Zentner-Bombe muss heute entsch\u00e4rft werden","url":"\/politik-und-verwaltung\/presse\/mitteilungen\/28621\/index.html"},{"id":"38831","directory":"\/politik-und-verwaltung\/presse\/mitteilungen\/28620","presse_jahr":"2026","presse_monat":"08","presse_tag":"31","presse_uhrzeit":"11:39","teaser_de":"Sicherheitsaktionen zum Beginn des neuen Schuljahres","textblock_9_0":"<p>Am Mittwoch, 2. September 2026, beginnt in K\u00f6ln das neue Schuljahr. F\u00fcr Kinder sind die ersten Wochen nach den Ferien im Stra\u00dfenverkehr herausfordernd. Dies gilt vor allem f\u00fcr die gro\u00dfe Zahl der Schulanf\u00e4nger*innen.<\/p><p>Mit verschiedenen Aktionen m\u00f6chten die Stadt K\u00f6ln und ihre Partner*innen insbesondere Autofahrer*innen daf\u00fcr sensibilisieren, dass Kinder als schw\u00e4chste Verkehrsteilnehmer*innen besondere Aufmerksamkeit und R\u00fccksicht ben\u00f6tigen.<\/p><p>Der \"Arbeitskreis Sicherheit im Stra\u00dfenverkehr\" ruft daher wieder zur R\u00fccksicht gegen\u00fcber Sch\u00fcler*innen auf. Der Expertenkreis setzt sich zusammen aus: Vertreter*innen der K\u00f6lner Verkehrs-Betriebe (KVB), der Polizei K\u00f6ln, der Verkehrswacht K\u00f6ln <abbr lang=\"de\" title=\"eingetragener Verein\" xml:lang=\"de\">e.V.<\/abbr> und verschiedener \u00c4mter der Stadt K\u00f6ln. Gemeinsam werden hier Aktionen f\u00fcr mehr Sicherheit und ein besseres Miteinander im Stra\u00dfenverkehr entwickelt.<\/p><p>Begleitend zum Schulbeginn sind ab <b>Dienstag, 1. September 2026,<\/b> folgende Ma\u00dfnahmen geplant:<\/p><p><b>Plakatkampagne \"Aufgepasst! F\u00fcr die Sicherheit der Kinder!\"<br><\/b>Mit der Kampagne \"Aufgepasst! F\u00fcr die Sicherheit der Kinder\" ruft die Stadt K\u00f6ln von Dienstag, 1. September, bis Montag, 14. September 2026, alle Verkehrsteilnehmer*innen zur R\u00fccksichtnahme gegen\u00fcber Schulkindern auf. Die Plakate werden stadtweit auf 160 gro\u00dfformatigen Werbeanlagen pr\u00e4sentiert. Parallel wird bis Montag, 7. September 2026, mit der <span class=\"sprache\" lang=\"en\" xml:lang=\"en\">Dooring<\/span>-Kampagne \"R\u00fccksicht mit R\u00fcckblick\" auf rund 110 Werbefl\u00e4chen an die Gefahr beim \u00d6ffnen von Autot\u00fcren erinnert.<\/p><p><b>Banner und Hinweise auf elektronischen Haltestellenanzeigern<br><\/b>Die Verkehrswacht K\u00f6ln und die <abbr lang=\"de\" title=\"K\u00f6lner Verkehrs-Betriebe\" xml:lang=\"de\">KVB<\/abbr> rufen mit rund 70 \"Augen auf! Schule hat begonnen\"-Bannern Autofahrer*innen zu besonderer Vorsicht und R\u00fccksicht auf. Die <abbr lang=\"de\" title=\"K\u00f6lner Verkehrs-Betriebe\" xml:lang=\"de\">KVB<\/abbr> appellieren zudem mit der dynamischen Fahrgastinformation an Haltestellen: \"MORGEN geht die Schule wieder los! Bitte achtet im Stra\u00dfenverkehr auf die Kinder, besonders an Ampeln, Zebrastreifen, \u00dcberwegen und Kreuzungen\".<\/p><p><b>\"Der sichere Weg ist das Ziel\" Ordnungsamt der Stadt K\u00f6ln begleitet den Schulstart<br><\/b>Das Ordnungsamt beteiligt sich mit der \u00dcberwachung des ruhenden und flie\u00dfenden Verkehrs auch in diesem Jahr an den Ma\u00dfnahmen zur Schulwegsicherung.<\/p><p>Vor vielen Einrichtungen wie Schulen und Kinderg\u00e4rten gilt zur Sicherheit bereits eine zul\u00e4ssige H\u00f6chstgeschwindigkeit von 30 Stundenkilometern. Um eine angepasste Fahrweise zu erreichen, \u00fcberwacht das Ordnungsamt mit station\u00e4ren und semistation\u00e4ren Messanlagen (Starenk\u00e4sten und Blitzanh\u00e4nger) \u00fcberwiegend vor Schulen und Kinderg\u00e4rten die Einhaltung der Geschwindigkeit. Zus\u00e4tzlich gibt es t\u00e4glich an mehrfach wechselnden Schulstandorten mobile Tempokontrollen, in enger Abstimmung mit der Polizei. Im Anschluss an diese Schwerpunktaktion, von Schulbeginn bis Anfang Oktober, werden die Kontrollen in Schuln\u00e4he im Rahmen der regelm\u00e4\u00dfig stattfindenden Tempomessungen im Stadtgebiet fortgesetzt.<\/p><p>Nicht allein zu schnelles Fahren f\u00fchrt immer wieder zu teilweise schweren Unf\u00e4llen mit Kindern. Eine Gefahr geht auch von falsch abgestellten Autos aus, die die Sicht von Kindern und Autofahrer*innen versperren. Vor Schulen sind in der Regel Halteverbotszonen eingerichtet, damit die \u00dcbersicht f\u00fcr Autofahrerende gewahrt bleibt und um zu verhindern, dass sich durch unachtsam ge\u00f6ffnete Fahrzeugt\u00fcren (\"<span class=\"sprache\" lang=\"en\" xml:lang=\"en\">Dooring<\/span>\") Unf\u00e4lle ereignen.<\/p><p>Wer hier mit seinem Auto h\u00e4lt oder parkt, setzt die Schulkinder un\u00fcbersichtlichen und gef\u00e4hrlichen Situationen aus. Dies gilt auch f\u00fcr die Eltern, die ihre Kinder bringen und direkt vor der Schule aussteigen lassen. Falschparkende, die den Stra\u00dfenverkehr beeintr\u00e4chtigen, Bushaltestellen, Zebrastreifen oder Fu\u00dfg\u00e4nger\u00fcberwege zuparken und damit vor allem Schulkinder gef\u00e4hrden, m\u00fcssen mit Verwarn- oder Bu\u00dfgeldern rechnen.<\/p><p>Das Ordnungsamt achtet besonders auf Fahrzeuge, die in Eckbereichen parken. Diese behindern die Sicht gerade f\u00fcr Kindergartenkinder und Grundsch\u00fcler*innen und verursachen immer wieder Unf\u00e4lle. Das Ordnungsamt wird solche Verst\u00f6\u00dfe konsequent ahnden und Autos gegebenenfalls auch abschleppen.<\/p><p><b>Aushang von Geschwindigkeitsanzeigetafeln<br><\/b>Neben Geschwindigkeitskontrollen f\u00fchren die Stadt und die Verkehrswacht eine gemeinsame Aktion zur Geschwindigkeitsreduzierung durch. Vier Wochen lang werden vor insgesamt neun Schulen in allen Stadtbezirken Geschwindigkeitsanzeigetafeln installiert. Die Anlagen werden jeweils am Stra\u00dfenrand, zumeist an Lichtmasten montiert. Sie ermitteln die Geschwindigkeit vorbeifahrender Fahrzeuge und zeigen diese per <abbr lang=\"en\" title=\"light-emitting diode\" xml:lang=\"en\">LED<\/abbr>-Signal an. Die Anzeige, die mit einem Symbolbild kombiniert ist, soll Verkehrsteilnehmer*innen auf ihre Fahrgeschwindigkeit aufmerksam machen und zu einer angepassten Fahrweise anhalten.<\/p><p>Die Betreuung und Installation der Ger\u00e4te erfolgt durch die Verkehrskadetten der Verkehrswacht K\u00f6ln. Die Anlagen an den linksrheinischen Schulen wurden bereits installiert und gehen ab Dienstag, 1. September 2026, f\u00fcr die Dauer von vier Wochen in Betrieb. Im Rechtsrheinischen erfolgt die Aktion aus Kapazit\u00e4tsgr\u00fcnden erst ab 16. September 2026 f\u00fcr die Dauer von vier Wochen.<\/p><p><b>Die Anlagen kommen an diesen Schulen zum Einsatz: <br><\/b> Gemeinschaftsgrundschule (GGS) Zwirnerstra\u00dfe (K\u00f6ln-Innenstadt), GGS Godorfer Stra\u00dfe (K\u00f6ln-Immendorf), <abbr lang=\"de\" title=\"Gemeinschaftsgrundschule \" xml:lang=\"de\">GGS<\/abbr> Breslauer Stra\u00dfe (K\u00f6ln-Weiden), Montessori-Grundschule Am Pistorhof, Standort Frohnhofstra\u00dfe (K\u00f6ln-Ehrenfeld), <abbr lang=\"de\" title=\"Gemeinschaftsgrundschule \" xml:lang=\"de\">GGS<\/abbr> Neusser Stra\u00dfe (K\u00f6ln-Weidenpesch), Freie Waldorfschule Weichselring (K\u00f6ln-Chorweiler), <abbr lang=\"de\" title=\"Gemeinschaftsgrundschule \" xml:lang=\"de\">GGS<\/abbr> Humboldtstra\u00dfe (K\u00f6ln-Porz), <abbr lang=\"de\" title=\"Gemeinschaftsgrundschule \" xml:lang=\"de\">GGS<\/abbr> Europaring (K\u00f6ln-Neubr\u00fcck) und Katholische Grundschule (KGS) Alte Wipperf\u00fcrther Stra\u00dfe (K\u00f6ln-M\u00fclheim).<\/p><p><b>Mittwoch, 2. September, bis Freitag, 4. September 2026: \"i-D\u00f6tzchen unterwegs\"<br><\/b>Mit Lokalkolorit machen Variotafeln Kraftfahrer*innen auf Schulkinder im Stra\u00dfenverkehr aufmerksam. Die strategisch positionierten Verkehrshinweistafeln erreichen auch ortsfremde Verkehrsteilnehmer*innen, die in die Stadt einfahren. Nur wenn Meldungen zu akuten St\u00f6rungen vorliegen, m\u00fcssen diese vorrangig geschaltet werden.<\/p><p><b>Freitag, 4. September 2026:<\/b><\/p><ul><li><b>\"Denk- und Dankzettelaktion\" an einer Grundschule <br><\/b>Die Polizei f\u00fchrt ab 7.30 Uhr eine Pr\u00e4ventionsaktion mit Sch\u00fcler*innen der <abbr lang=\"de\" title=\"Katholische Grundschule\" xml:lang=\"de\">KGS<\/abbr> Zugweg durch. Bei dieser Aktion sprechen Kinder Verkehrsteilnehmer*innen pers\u00f6nlich an und appellieren mit Denk- und Dankzetteln. <\/li><li><b>Auftaktveranstaltung Augen auf! Schule hat begonnen\"<br><\/b>Die Verkehrswacht K\u00f6ln l\u00e4dt gemeinsam mit dem \"Arbeitskreis Verkehrserziehung\" der K\u00f6lner Schulen (AVEK) um 9.30 Uhr in die Mathilde-von-Mevissen-Grundschule, Gellertstra\u00dfe 4-6, K\u00f6ln-Nippes, ein. Traditionell beginnt die Veranstaltung mit einer Auff\u00fchrung des H\u00e4nneschen-Theaters. H\u00e4nneschen und Freunde zeigen den Kindern, wie wichtig es ist, auf dem Schulweg und dar\u00fcber hinaus immer die Augen offen zu halten. Erg\u00e4nzt wird die Auff\u00fchrung mit einem Programm, das von den Sch\u00fclerinnen und Sch\u00fclern selbst gestaltet wird.<\/li><\/ul><p>Wichtige Hinweise f\u00fcr Eltern von \"i-D\u00f6tzchen\" in Bezug auf den Schulweg ihrer Kinder sind unter <a title=\"https:\/\/www.stadt-koeln.de\/artikel\/04304\/index.html\" href=\"https:\/\/www.stadt-koeln.de\/artikel\/04304\/index.html\">www.stadt-koeln.de\/schulweg<\/a> auf der Internetseite der Stadt K\u00f6ln zusammengestellt.<\/p>","timestamp":"2026-08-31 12:14:28","title_de":"Aufgepasst! F\u00fcr die Sicherheit der Kinder","untertitle":"Sicherheitsaktionen zum Beginn des neuen Schuljahres","url":"\/politik-und-verwaltung\/presse\/mitteilungen\/28620\/index.html"},{"id":"38829","directory":"\/politik-und-verwaltung\/presse\/mitteilungen\/28619","presse_jahr":"2026","presse_monat":"08","presse_tag":"31","presse_uhrzeit":"09:33","teaser_de":"Fertigstellung verschiebt sich voraussichtlich auf das dritte Quartal 2030","textblock_9_0":"<p>Die Generalsanierung des R\u00f6misch-Germanischen Museums (RGM) soll nun im dritten Quartal 2030 fertiggestellt sein. Grundlage f\u00fcr die neue Zeitschiene ist der Bauablaufplan des im Juli beauftragten Generalunternehmens (GU). Dieses hatte den Plan zusammen mit seinem Angebot abgegeben.<\/p><p>Zum Auftrag des Generalunternehmens geh\u00f6ren die umfassende Generalsanierung des Museumsgeb\u00e4udes innen und au\u00dfen einschlie\u00dflich der Dach-, Fassaden- und Ausbauarbeiten sowie die Erneuerung der technischen Anlagen und angrenzenden Au\u00dfenbereiche. Nachtr\u00e4glich wurden in das Verzeichnis der Leistungen, die das GU zu erbringen hat, der museale Ausbau aufgenommen. Dazu geh\u00f6rt auch der Schutz der im Museum verbliebenen Gro\u00dfexponate (Dionysos-Mosaik und Poblicius-Grabmal). Dies geschah, um weitere Schnittstellen zu minimieren und Risiken einzugrenzen. Das GU hat seine Arbeiten im Geb\u00e4ude bereits begonnen. Im September 2026 wird es den Bauzaun und die Baustelleneinrichtung rund um das Museum umbauen, wodurch zus\u00e4tzliche Fl\u00e4chen im Bereich Kurt-Hackenberg-Platz in Anspruch genommen werden m\u00fcssen.<\/p><p>Zu bearbeiten sind mit der Bauma\u00dfnahme rund 11.000 Quadratmeter Bruttogeschossfl\u00e4che. Parallel bringt die Stadt K\u00f6ln Hand in Hand mit dem GU bereits rund 250 Schwerlast-Exponate, die derzeit eingelagert sind, in die rund 4.500 Quadratmeter Ausstellungsfl\u00e4che ein. Einige von ihnen sind mehr als 500 Kilogramm schwer. Alle GU-Leistungen sollen im ersten Quartal 2030 beendet sein. Danach bringt die Stadt K\u00f6ln noch eine vierstellige Zahl an Kleinexponaten ein und setzt sie in Szene, baut die Grafik und Medientechnik ein und stellt die Ausstellungsvitrinen fertig.<\/p><p>\u00c4hnlich verh\u00e4lt es sich beim Thema Licht. Der GU verantwortet die Beleuchtung das Einrichten der Vitrinen und ihr \"Einleuchten\" einschlie\u00dflich der Feinjustierung der Licht-Szenographie ist st\u00e4dtische Aufgabe. Ebenso die Montage der Gl\u00e4ser und Hauben der Ausstellungsvitrinen sowie die Restaurierungsarbeiten am Dionysos-Mosaik, dem Poblicius-Grabmal und dem r\u00f6mischen Mauerwerk. Alle diese Folgearbeiten werden nach heutigem Stand im dritten Quartal 2030 abgeschlossen sein. Danach kann das R\u00f6misch-Germanische Museum wieder er\u00f6ffnet werden.<\/p><p>An der Kostenprognose \u00e4ndert sich trotz des neuen Zeitplans nichts: Die Vergabe an das Generalunternehmen, die Risiken und m\u00f6gliche Preissteigerungen liegen aktuell innerhalb des prognostizierten Budgets. Vorgezogene Ma\u00dfnahmen dienten au\u00dferdem dazu, dass m\u00f6glichst viele Erkenntnisse in die Kostenberechnung mit einflie\u00dfen konnten, was das Kostenrisiko f\u00fcr die Stadt zus\u00e4tzlich minderte. Die prognostizierten Baukosten betragen nach wie vor rund 169 Millionen Euro brutto inklusive einem Risikopuffer von rund 26 Millionen Euro sowie einem Generalunternehmer-Zuschlag in H\u00f6he von rund 20 Millionen Euro. Hinzu kommen rund acht Millionen Euro f\u00fcr den sogenannten musealen Bedarf. Dieser beinhaltet die Restaurierung und Herrichtung der Exponate der zuk\u00fcnftigen Ausstellung, deren Transport und Handling, die inhaltliche Vorbereitung von Ausstellungsmedien und Vermittlungswerkzeugen sowie die Herstellung haptischer Modelle inklusive der Beschaffung des dazu notwendigen Materials. Zusammen ergibt das prognostizierte Gesamtkosten von 177 Millionen Euro.<\/p>","timestamp":"2026-08-31 11:25:54","title_de":"Generalsanierung R\u00f6misch-Germanisches Museum","untertitle":"Fertigstellung verschiebt sich voraussichtlich auf das dritte Quartal 2030","url":"\/politik-und-verwaltung\/presse\/mitteilungen\/28619\/index.html"},{"id":"38827","directory":"\/politik-und-verwaltung\/presse\/mitteilungen\/28618","presse_jahr":"2026","presse_monat":"08","presse_tag":"31","presse_uhrzeit":"09:20","teaser_de":"MAKK pr\u00e4sentiert Open-Access-Sammelband zur angewandten Kunst","textblock_9_0":"<p>Von August 2020 bis Januar 2026 hat das Museum f\u00fcr Angewandte Kunst K\u00f6ln (MAKK) erstmalig systematisch die Herkunft seiner Best\u00e4nde untersucht, die im Zeitraum von 1933 bis 1940 erworben wurden. Nun ver\u00f6ffentlicht das <abbr lang=\"de\" title=\"Museum f\u00fcr Angewandte Kunst K\u00f6ln\" xml:lang=\"de\">MAKK<\/abbr> die Ergebnisse der Tagung in einem <span class=\"sprache\" lang=\"en\" xml:lang=\"en\">Open-Access<\/span>-Sammelband mit dem Titel \"Provenienzforschung und angewandte Kunst Methoden, Quellen, Netzwerke\" auf der Plattform <a title=\"https:\/\/www.arthistoricum.net\/\" href=\"https:\/\/www.arthistoricum.net\/\">arthistoricum.net<\/a>.<\/p><p>Das Projekt wurde durch das Deutsche Zentrum Kulturgutverluste gef\u00f6rdert. Im Fokus stand die Suche nach Objekten, die ihren Vorbesitzer*innen w\u00e4hrend der <abbr lang=\"de\" title=\"Nationalsozialismus\" xml:lang=\"de\">NS<\/abbr>-Diktatur verfolgungsbedingt entzogen worden sind und deshalb zur\u00fcckgegeben werden sollten. Das Museum stand dabei vor besonderen Herausforderungen, da Objekte der angewandten Kunst bislang deutlich weniger Beachtung fanden als hochpreisige Gem\u00e4lde oder auch grafische Werke. Historische Abbildungen sind seltener, etablierte Titel oder eindeutige Merkmale zur Identifizierung dieser zum Teil seriell hergestellten Werke fehlen oftmals.<\/p><p>Vor diesem Hintergrund hatte das <abbr lang=\"de\" title=\"Museum f\u00fcr Angewandte Kunst K\u00f6ln\" xml:lang=\"de\">MAKK<\/abbr> im Mai 2022 internationale Fachleute nach K\u00f6ln geladen, um \u00fcber die neuesten methodischen Ans\u00e4tze der Provenienzforschung in diesem Bereich zu diskutieren. Mit finanzieller Unterst\u00fctzung des Arbeitskreises Provenienzforschung versammelt er 14 wissenschaftliche Beitr\u00e4ge, die ein breites Spektrum aktueller Provenienzforschung im Bereich der angewandten Kunst abbilden. Neben objektbezogenen Untersuchungen stehen Fragen der Sammlungs- und Institutionengeschichte sowie der Kunstmarkt und seine Akteur*innen im Mittelpunkt.<\/p><p>Die Beitr\u00e4ge nehmen unter anderem die Geschichte und Erwerbungspraxis bedeutender Kulturinstitutionen wie des Rijksmuseums in Amsterdam, des Museum f\u00fcr Kunst und Gewerbe Hamburg, des Badischen Landesmuseums Karlsruhe und des Museum f\u00fcr Angewandte Kunst K\u00f6ln w\u00e4hrend der <abbr lang=\"de\" title=\"Nationalsozialismus\" xml:lang=\"de\">NS<\/abbr>-Zeit in den Blick. Weitere Forschungen widmen sich dem internationalen Kunsthandel, etwa der Kunsthandlung Julius B\u00f6hler in M\u00fcnchen sowie den <abbr lang=\"de\" title=\"Nationalsozialismus\" xml:lang=\"de\">NS<\/abbr>-verfolgungsbedingten Verlusten und den Schicksalen j\u00fcdischer Sammler*innen sowie Kunsth\u00e4ndler*innen, darunter Maximilian von Goldschmidt-Rothschild in Frankfurt und Jacques und Emma Rosenthal in M\u00fcnchen.<\/p><p>Der Sammelband zeigt, wie unterschiedlich die methodischen Wege der Provenienzforschung gerade bei kunstgewerblichen Objekten sein m\u00fcssen von der Untersuchung der Objekte selbst \u00fcber die Auswertung von Museums- und Kunsthandelsarchiven bis hin zur Rekonstruktion historischer Sammlungen, Netzwerke und institutioneller Zusammenh\u00e4nge. Damit leistet er einen wichtigen Beitrag zur weiteren Erforschung von <abbr lang=\"de\" title=\"Nationalsozialismus\" xml:lang=\"de\">NS<\/abbr>-verfolgungsbedingt entzogenem Kulturgut im Bereich der angewandten Kunst und zur Entwicklung fairer und gerechter L\u00f6sungen im Sinne der Washingtoner Prinzipien. Weitere Informationen unter: <a title=\"https:\/\/books.ub.uni-heidelberg.de\/\/arthistoricum\/catalog\/book\/1745\" href=\"https:\/\/books.ub.uni-heidelberg.de\/\/arthistoricum\/catalog\/book\/1745\">https:\/\/books.ub.uni-heidelberg.de\/arthistoricum\/catalog\/book\/1745<\/a>.<\/p>","timestamp":"2026-08-31 11:05:15","title_de":"Neue Wege der Provenienzforschung","untertitle":"MAKK pr\u00e4sentiert Open-Access-Sammelband zur angewandten Kunst","url":"\/politik-und-verwaltung\/presse\/mitteilungen\/28618\/index.html"},{"id":"38825","directory":"\/politik-und-verwaltung\/presse\/mitteilungen\/28617","presse_jahr":"2026","presse_monat":"08","presse_tag":"31","presse_uhrzeit":"08:59","teaser_de":"Stadt K\u00f6ln ber\u00e4t Eigent\u00fcmer*innen von Immobilien","textblock_9_0":"<p>Immobilien-Eigent\u00fcmer*innen k\u00f6nnen sich am Montag, 14. September 2026, rund um das Thema Klimaanpassung und Starkregenschutz am eigenen Haus beraten lassen. Das Umwelt- und Verbraucherschutzamt der Stadt K\u00f6ln l\u00e4dt ab 17 Uhr zu einer Informationsveranstaltung ins Stadthaus in K\u00f6ln-Deutz, Willy-Brandt-Platz 2, ein. Eine vorherige Anmeldung ist erforderlich.<\/p><p>Hitzeperioden und Starkregenereignisse stellen Eigent\u00fcmer*innen von Geb\u00e4uden immer wieder vor Herausforderungen. Wohn- und Schlafr\u00e4ume \u00fcberhitzen im Sommer, Regenwasser kann in H\u00e4user eindringen und teils gro\u00dfe Sch\u00e4den hinterlassen. Deshalb ist es wichtig, geeignete Ma\u00dfnahmen zur Anpassung zu kennen und eigene Vorsorgema\u00dfnahmen zu ergreifen. Im Rahmen von Vortr\u00e4gen und Beispielen erhalten die Teilnehmenden umfangreiche Informationen zu den Auswirkungen des Klimawandels auf Geb\u00e4ude und zu erfolgreichen Ma\u00dfnahmen, um diese zu sch\u00fctzen. Hierzu z\u00e4hlen unter anderem Dach-, und Fassadenbegr\u00fcnungen, Entsiegelungsm\u00f6glichkeiten, Regenwasserspeicherungen sowie geeignete Anpassungen zur Vorbeugung von Sch\u00e4den durch Starkregen.<\/p><p>Dar\u00fcber hinaus k\u00f6nnen die Teilnehmenden Fragen stellen, sich \u00fcber F\u00f6rderm\u00f6glichkeiten im Rahmen des st\u00e4dtischen F\u00f6rderprogramms \"GR\u00dcN hoch 3\" informieren und einen Termin zur Beratung vereinbaren. Der \"RegenKompass\" der Stadtentw\u00e4sserungsbetriebe K\u00f6ln informiert zu den Themen Regenwassernutzung und \u00dcberflutungsschutz.<\/p><p>Die Veranstaltung findet w\u00e4hrend der bundesweiten Woche der Klimaanpassung statt.<\/p>","timestamp":"2026-08-31 09:03:29","title_de":"Informationsveranstaltung zur Klimaanpassung","untertitle":"Stadt K\u00f6ln ber\u00e4t Eigent\u00fcmer*innen von Immobilien","url":"\/politik-und-verwaltung\/presse\/mitteilungen\/28617\/index.html"},{"id":"38823","directory":"\/politik-und-verwaltung\/presse\/mitteilungen\/28616","presse_jahr":"2026","presse_monat":"08","presse_tag":"28","presse_uhrzeit":"16:20","teaser_de":"Ob Blindg\u00e4nger entsch\u00e4rft werden kann oder gesprengt werden muss, steht noch nicht fest","textblock_9_0":"<p>In K\u00f6ln-F\u00fchlingen wurde am heutigen Freitagnachmittag, 28. August 2026, im Bereich der Kriegerhofstra\u00dfe ein Bombenblindg\u00e4nger aus dem Zweiten Weltkrieg gefunden.<\/p><p>Ob der Blindg\u00e4nger entsch\u00e4rft werden kann oder kontrolliert gesprengt werden muss, entscheidet der Kampfmittelbeseitigungsdienst Rheinland der Bezirksregierung D\u00fcsseldorf. Der Kampfmittelbeseitigungsdienst und das Ordnungsamt der Stadt K\u00f6ln sind vor Ort.<\/p><p>Das Ordnungsamt entscheidet \u00fcber alle weiteren Ma\u00dfnahmen zur Absperrung und Evakuierung. Der Gefahrenbereich wurde vom Kampfmittelbeseitigungsdienst mit einem vorl\u00e4ufigen Radius von 100 Metern festgelegt und muss evakuiert werden. Wie viele Personen davon betroffen sein werden, steht noch nicht fest. Ob eine Anlaufstelle eingerichtet wird, steht ebenfalls noch nicht fest. Eine Karte mit dem endg\u00fcltigen Evakuierungsbereich folgt. <\/p><p>Wegen Stra\u00dfensperren und damit verbundenen Verkehrsbehinderungen wird gebeten, sich auf der Internetseite der Stadt K\u00f6ln (<a title=\"https:\/\/www.stadt-koeln.de\/\" href=\"https:\/\/www.stadt-koeln.de\/\">www.stadt.koeln<\/a>), bei Radio K\u00f6ln, <abbr lang=\"de\" title=\"Westdeutscher Rundfunk\" xml:lang=\"de\">WDR<\/abbr> und anderen Medien sowie <span class=\"sprache\" lang=\"en\" xml:lang=\"en\">online<\/span> bei den K\u00f6lner Verkehrs-Betrieben (KVB) und weiteren betroffenen Verkehrsunternehmen zu informieren.<\/p>","timestamp":"2026-08-28 16:26:17","title_de":"Weltkriegsbombe in K\u00f6ln-F\u00fchlingen gefunden","untertitle":"Ob Blindg\u00e4nger entsch\u00e4rft werden kann oder gesprengt werden muss, steht noch nicht fest","url":"\/politik-und-verwaltung\/presse\/mitteilungen\/28616\/index.html"},{"id":"38821","directory":"\/politik-und-verwaltung\/presse\/mitteilungen\/28615","presse_jahr":"2026","presse_monat":"08","presse_tag":"28","presse_uhrzeit":"16:11","teaser_de":null,"textblock_9_0":"<p><b>K\u00f6ln-Worringen: Bauabschnitt 2B der Sanierung der Neusser Landstra\u00dfe beginnt<br><\/b>Am <b>Freitag, 4. September 2026,<\/b> setzt die Stadt K\u00f6ln die Stra\u00dfenbauarbeiten auf der Neusser Landstra\u00dfe (B9) mit dem Abschnitt zwischen Penny- und ALDI-Markt fort. Damit startet der Bauabschnitt 2B, der nach zweieinhalb Monaten fertiggestellt sein soll. Der betroffene Bereich der Neusser Landstra\u00dfe wird daf\u00fcr voll gesperrt. Umfangreiche Umleitungen f\u00fcr den <abbr lang=\"de\" title=\"Kraftfahrzeug\" xml:lang=\"de\">Kfz<\/abbr>- und Radverkehr sind eingerichtet. Die Sanierung der Neusser Landstra\u00dfe l\u00e4uft bereits seit Mai 2025. Der gesamte Stra\u00dfenoberbau wird saniert. Der zweite Bauabschnitt ist in drei Teilabschnitte gegliedert und reicht von der Dornstra\u00dfe bis zur Stadtgrenze Dormagen. Der Bauabschnitt 2C zwischen Dornstra\u00dfe und der Zufahrt zum Penny-Markt steht vor der Fertigstellung.<\/p><p><b>Hinweis:<\/b> Weitere Informationen zu Stra\u00dfenbaustellen k\u00f6nnen im <a title=\"https:\/\/www.stadt-koeln.de\/leben-in-koeln\/verkehr\/verkehrskalender\/index.html\" href=\"https:\/\/www.stadt-koeln.de\/leben-in-koeln\/verkehr\/verkehrskalender\/index.html\">Verkehrskalender<\/a> abgerufen werden.<\/p>","timestamp":"2026-08-28 16:14:12","title_de":"Baustellen in den Stadtteilen","untertitle":null,"url":"\/politik-und-verwaltung\/presse\/mitteilungen\/28615\/index.html"},{"id":"38819","directory":"\/politik-und-verwaltung\/presse\/mitteilungen\/28614","presse_jahr":"2026","presse_monat":"08","presse_tag":"28","presse_uhrzeit":"13:26","teaser_de":null,"textblock_9_0":"<p><b>K\u00f6ln repariert: \"ReparaturMobil\" zur\u00fcck im Stadtgebiet<br><\/b>\"Reparieren statt wegwerfen!\" Unter diesem Motto gibt es am <b>Mittwoch, 9. September, und Donnerstag, 10. September 2026,<\/b> wieder eine Mitmach-Aktion mit dem \"ReparaturMobil\". Alle K\u00f6lner*innen sind eingeladen, defekte Alltagsgegenst\u00e4nde mitzubringen und diese vor Ort gemeinsam mit Expert*innen zu reparieren. Die Aktion ist kostenlos und findet im Rahmen der \"Tage der Nachhaltigkeit\" von 11 bis 16 Uhr auf dem Campus der Uniklinik K\u00f6ln, Joseph-Stelzmann-Stra\u00dfe 9a, K\u00f6ln-Lindenthal, statt. Mehr Informationen sind auf den Seiten der Uniklink abrufbar: <a title=\"https:\/\/medfak.uni-koeln.de\/fakultaet\/profil\/nachhaltigkeit\/tage-der-nachhaltigkeit\/tage-der-nachhaltigkeit-2026\/\" href=\"https:\/\/medfak.uni-koeln.de\/fakultaet\/profil\/nachhaltigkeit\/tage-der-nachhaltigkeit\/tage-der-nachhaltigkeit-2026\/\">Programm<\/a>.<br>Das ReparaturMobil ist im Rahmen eines Kooperationsprojekts mit dem Innovationsb\u00fcro der Stadt K\u00f6ln, der K\u00f6ln <span class=\"sprache\" lang=\"en\" xml:lang=\"en\">International School of Design<\/span> und den AWB Abfallwirtschaftsbetrieben K\u00f6ln <abbr lang=\"de\" title=\"Gesellschaft mit beschr\u00e4nkter Haftung\" xml:lang=\"de\">GmbH<\/abbr> entstanden. Mehr Informationen zu dem Projekt sind zu finden unter: <a title=\"https:\/\/innovative-stadt.koeln\/koeln-repariert\" href=\"https:\/\/innovative-stadt.koeln\/koeln-repariert\">https:\/\/innovative-stadt.koeln\/koeln-repariert<\/a>.<\/p><p><b>Gespr\u00e4ch: \"Die Wohnkrise: Wie sie Demokratie und Zusammenhalt bedroht\"<br><\/b>\"Wohnen ist zur Schicksalsfrage geworden. Was als Problem in den Metropolen begann, ist l\u00e4ngst \u00fcberall zur wichtigsten gesellschaftlichen Krise herangewachsen, die alle Schichten betrifft, den wirtschaftlichen Wandel blockiert und die soziale Schere immer weiter \u00f6ffnet\", hei\u00dft es in der Ank\u00fcndigung f\u00fcr eine Veranstaltung in der Stadtbibliothek.<\/p><p>Das Buch \"<b>Die Wohnkrise\"<\/b> von Rolf G. Heinze und Sebastian Kurtenbach, das am Dienstag, <b>1. September 2026<\/b>, und damit bereits zwei Tage vor seinem eigentlichen Erscheinungstermin, Premiere feiert, analysiert laut den beiden Autoren<\/p><ul><li>\"Die Ursachen: Warum politische Ma\u00dfnahmen und steigende Staatsausgaben bisher weitgehend verpuffen. <\/li><li>Die Folgen: Wie die Wohnkrise unsere berufliche Mobilit\u00e4t hemmt und den gesellschaftlichen Zusammenhalt untergr\u00e4bt.<\/li><li>Der Ausweg: Warum neue Allianzen jenseits von rein \u00f6konomischer Steuerung gebraucht werden, um das Fundament unseres Zusammenlebens zu retten.\"<\/li><\/ul><p>Die Buchpremiere ist eine Veranstaltung in Kooperation mit dem Verlag Kiepenheuer & Witsch und dem Haus der Architektur K\u00f6ln (hdak). Am <b>Dienstag, 1. September 2026, um 19 Uhr<\/b>, findet das Gespr\u00e4ch zwischen den Autoren und Journalistin Sarah Brasack im Interim der Zentralbibliothek statt. Einlass auf der Hohe Stra\u00dfe 68-82 ist ab 18.30 Uhr. Der Eintritt kostet 8 Euro bzw. 6\/4 Euro erm\u00e4\u00dfigt. Karten sind im Vorverkauf bei K\u00f6lnticket oder an der Abendkasse erh\u00e4ltlich.<\/p><p><b>Rolf G. Heinze<\/b>, geboren 1951 in Vlotho, ist Seniorprofessor und gesch\u00e4ftsf\u00fchrender wissenschaftlicher Direktor des Institutes f\u00fcr Wohnungswesen, Immobilienwirtschaft, Stadt- und Regionalentwicklung (InWIS GmbH) an der Ruhr-Universit\u00e4t Bochum.<\/p><p><b>Sebastian Kurtenbach<\/b>, geboren 1987 in K\u00f6ln, ist Professor f\u00fcr Politikwissenschaft an der Fachhochschule M\u00fcnster und Privatdozent an der Ruhr-Universit\u00e4t Bochum. Einer seiner Forschungsschwerpunkte ist Stadtentwicklung und Nachbarschaft.<\/p><p><b>Sarah Brasack <\/b>ist stellvertretende Chefredakteurin des \"K\u00f6lner Stadt-Anzeiger\". Sie wurde 1979 in Bonn geboren. Nach dem Studium in Bonn und St. Andrews\/Schottland wurde sie in der Musikwissenschaft promoviert.<\/p><p><b>Kompositionswettbewerb ZettEmm <span class=\"sprache\" lang=\"en\" xml:lang=\"en\">Open<\/span> 2026 junge Komponist*innen ausgezeichnet<br><\/b>Bei dem Kompositionswettbewerb ZettEmm <span class=\"sprache\" lang=\"en\" xml:lang=\"en\">Open<\/span> 2026, der von der Rheinischen Musikschule K\u00f6ln in Zusammenarbeit mit dem Turun Konservatorio in Turku (Finnland) veranstaltet und von der Ernst von Siemens Musikstiftung gef\u00f6rdert wurde, ist die Entscheidung der Jury gefallen. Sieben Teilnehmer*innen wurden mit einem Preis ausgezeichnet: Alma Meretoja, Franziska Wendland, Jakob Hefer, Martin Kreissl, Lara-Maria Adler, Jakob-Arda Satir und Mila Stencel. Die (Ur)auff\u00fchrungen der preisgekr\u00f6nten Werke sind beim 1<a title=\"https:\/\/www.stadt-koeln.de\/leben-in-koeln\/veranstaltungen\/daten\/41025\/index.html\" href=\"https:\/\/www.stadt-koeln.de\/leben-in-koeln\/veranstaltungen\/daten\/41025\/index.html\">4. Jugendfestival f\u00fcr zeitgen\u00f6ssische Musik ZettEmm_20_26<\/a> am 7. November 2026 in der Alten Feuerwache zu erleben. Informationen zu den sieben jungen Preistr\u00e4ger*innen sind abrufbar unter: <a title=\"https:\/\/www.stadt-koeln.de\/leben-in-koeln\/rheinische-musikschule\/74674\/index.html\" href=\"https:\/\/www.stadt-koeln.de\/leben-in-koeln\/rheinische-musikschule\/74674\/index.html\">www.stadt-koeln.de\/leben-in-koeln\/rheinische-musikschule\/74674\/index.html<\/a>.<\/p>","timestamp":"2026-08-28 13:36:55","title_de":"Aus \u00c4mtern und Stadtbezirken","untertitle":null,"url":"\/politik-und-verwaltung\/presse\/mitteilungen\/28614\/index.html"},{"id":"38817","directory":"\/politik-und-verwaltung\/presse\/mitteilungen\/28613","presse_jahr":"2026","presse_monat":"08","presse_tag":"28","presse_uhrzeit":"13:09","teaser_de":"Mehr Sicherheit f\u00fcr Kinder auf dem Schulweg","textblock_9_0":"<p>P\u00fcnktlich zum Schulstart am Mittwoch, 2. September 2026, werden in K\u00f6ln drei weitere Schulstra\u00dfen eingerichtet: an der Katholischen Grundschule (KGS) Horststra\u00dfe in M\u00fclheim, an der Gemeinschaftsgrundschule (GGS) Stephan-Lochner-Schule in der Innenstadt sowie an der Inklusiven Offenen Ganztagsschule (IOGS) Kretzerstra\u00dfe in Nippes.<\/p><p>Schulstra\u00dfe bedeutet, dass die Stra\u00dfenabschnitte vor den Schulen zum Unterrichtsbeginn und zum Unterrichtsende zeitweise f\u00fcr den <abbr lang=\"de\" title=\"Kraftfahrzeug\" xml:lang=\"de\">Kfz-<\/abbr>Verkehr gesperrt werden. Das tr\u00e4gt dazu bei, den Schulweg \u00fcbersichtlicher, ruhiger und sicherer zu gestalten. Daher sind Schulstra\u00dfen ein wichtiges Instrument, um die Verkehrssicherheit f\u00fcr Sch\u00fcler*innen zu erh\u00f6hen und die selbstst\u00e4ndige Mobilit\u00e4t von Kindern zu f\u00f6rdern.<\/p><p>Anwohner*innen und berechtigter Verkehr, beispielsweise M\u00fcllabfuhr oder Feuerwehr, d\u00fcrfen die Stra\u00dfe auch w\u00e4hrend der Sperrzeiten befahren, dies gilt ebenso f\u00fcr Pflegedienste und Handwerker*innen ein Pflegedienst- oder Handwerkerparkausweis gilt als Nachweis<i>. <\/i>Nicht erlaubt sind: Durchgangsverkehr sowie Bring- und Holverkehr, also das direkte Absetzen oder Abholen von Schulkindern am Schulgeb\u00e4ude.<\/p><p><b><abbr lang=\"de\" title=\"Katholischen Grundschule\" xml:lang=\"de\">KGS<\/abbr> Horststra\u00dfe (M\u00fclheim)<br><\/b>Die Sperrungen gelten in der Horststra\u00dfe, Hardenbergstra\u00dfe und Laufenbergstra\u00dfe (gesamter Bereich zwischen Danzierstra\u00dfe und Gr\u00fcnstra\u00dfe) an Schultagen, jeweils von 7.45 bis 8.30 Uhr und 14.45 bis 16.15 Uhr.<\/p><p><b><abbr lang=\"de\" title=\"Gemeinschaftsgrundschule\" xml:lang=\"de\">GGS<\/abbr> Stephan-Lochner-Schule (Innenstadt)<br><\/b>Die Sperrung gilt in der Lochnerstra\u00dfe an Schultagen, jeweils von 7.45 bis 8.30 Uhr und 14.45 bis 16.15 Uhr.<\/p><p><b><abbr lang=\"de\" title=\"Inklusiven Offenen Ganztagsschule\" xml:lang=\"de\">IOGS<\/abbr> Kretzerstra\u00dfe (Nippes)<br><\/b>Die Sperrung gilt in der Kretzerstra\u00dfe an Schultagen, jeweils von 7.45 bis 8.30 Uhr und 14.45 bis 16.15 Uhr.<b> <\/b><\/p>","timestamp":"2026-08-31 09:38:26","title_de":"Drei neue Schulstra\u00dfen in K\u00f6ln","untertitle":"Mehr Sicherheit f\u00fcr Kinder auf dem Schulweg","url":"\/politik-und-verwaltung\/presse\/mitteilungen\/28613\/index.html"},{"id":"38815","directory":"\/politik-und-verwaltung\/presse\/mitteilungen\/28612","presse_jahr":"2026","presse_monat":"08","presse_tag":"28","presse_uhrzeit":"10:12","teaser_de":"Oberb\u00fcrgermeister Torsten Burmester begr\u00fc\u00dft mehr als 500 Auszubildende","textblock_9_0":"<p>Mit dem Ausbildungsstart am Dienstag, 1. September 2026, begr\u00fc\u00dft die Stadt K\u00f6ln rund 500 neue Nachwuchskr\u00e4fte mit einer offiziellen Veranstaltung ab 10 Uhr im G\u00fcrzenich. Ob Ausbildung oder duales Studienprogramm, die neuen Mitarbeitende starten in der darauffolgenden Zeit ihren beruflichen Weg bei einer der gr\u00f6\u00dften Arbeitgeberinnen der Region.<\/p><p>Mit mehr als 21.000 Mitarbeitende in \u00fcber 700 verschiedenen Berufen und mehr als 80 Dienststellen bietet die Stadt K\u00f6ln vielf\u00e4ltige Perspektiven und Entwicklungsm\u00f6glichkeiten. Die neuen Nachwuchskr\u00e4fte werden k\u00fcnftig in unterschiedlichen Aufgabenfeldern dazu beitragen, das Leben in K\u00f6ln aktiv mitzugestalten. Von Verwaltung und <abbr lang=\"de\" title=\"Informationstechnik\" xml:lang=\"de\">IT<\/abbr> \u00fcber Soziales, Technik und Handwerk bis hin zu Bildung, Umwelt oder Feuerwehr sind s\u00e4mtliche Bereiche des Stadtlebens betroffen.<\/p><p>Oberb\u00fcrgermeister Torsten Burmester:<\/p><blockquote><p>Unsere Nachwuchskr\u00e4fte gestalten das K\u00f6ln von morgen. Sie \u00fcbernehmen Verantwortung f\u00fcr die Stadt und ihre Menschen und bringen neue Ideen, Perspektiven und Kompetenzen mit. Ich freue mich sehr, sie bei der Stadt K\u00f6ln willkommen zu hei\u00dfen und w\u00fcnsche ihnen einen erfolgreichen Start in diesen spannenden neuen Lebensabschnitt.<\/p><\/blockquote><p><abbr lang=\"de\" title=\"Doktor\" xml:lang=\"de\">Dr.<\/abbr> Monique Offelder, Leiterin des Personal- und Verwaltungsmanagements der Stadt K\u00f6ln, freut sich \u00fcber die gro\u00dfe Resonanz im Bewerbungsverfahren:<\/p><blockquote><p>Mehr als 10.000 Bewerbungen, so viele wie noch nie, haben uns dieses Mal erreicht. Die Stadt K\u00f6ln ist als Ausbilderin mehr als gefragt.<\/p><\/blockquote><p>An die Begr\u00fc\u00dfungsveranstaltung schlie\u00dfen sich mehrere Einf\u00fchrungstage an. Dabei lernen die Nachwuchskr\u00e4fte die Stadt K\u00f6ln als Arbeitgeberin kennen, kn\u00fcpfen erste Kontakte und erhalten einen Einblick in die vielf\u00e4ltigen Einsatzm\u00f6glichkeiten innerhalb der Stadtverwaltung. W\u00e4hrend der neue Ausbildungsjahrgang startet, richtet sich der Blick bereits weiter auf die Zukunft: Die Bewerbungsphase f\u00fcr den Ausbildungsstart 2027 l\u00e4uft bereits. Gesucht werden weitere engagierte Menschen, die K\u00f6ln mitgestalten wollen, unabh\u00e4ngig davon, ob sie ihre berufliche Laufbahn beginnen, sich neu orientieren oder ein duales Studium absolvieren m\u00f6chten. Interessierte finden unter <a title=\"https:\/\/www.stadt-koeln.de\/politik-und-verwaltung\/jobs\/ausbildung\/\" href=\"https:\/\/www.stadt-koeln.de\/politik-und-verwaltung\/jobs\/ausbildung\/\">www.stadt-koeln.de\/ausbildung<\/a> alle Informationen rund um Berufe, Bewerbung und Perspektiven.<\/p>","timestamp":"2026-08-28 10:50:19","title_de":"Karrierestart bei der Stadt K\u00f6ln","untertitle":"Oberb\u00fcrgermeister Torsten Burmester begr\u00fc\u00dft mehr als 500 Auszubildende","url":"\/politik-und-verwaltung\/presse\/mitteilungen\/28612\/index.html"},{"id":"38813","directory":"\/politik-und-verwaltung\/presse\/mitteilungen\/28611","presse_jahr":"2026","presse_monat":"08","presse_tag":"24","presse_uhrzeit":"11:21","teaser_de":null,"textblock_9_0":"<p><b><abbr lang=\"de\" title=\"Deutschen Basketball Bundes\" xml:lang=\"de\">DBB<\/abbr>-Doppelpack in Deutz<\/b><\/p><p><strong>D<\/strong><b>eutsche Basketballnationalmannschaften treten in der Lanxess-Arena an<\/b><\/p><p>Am Donnerstag, 27. August 2026, laufen sowohl die Basketballnationalmannschaft der Damen als auch die deutsche Basketballnationalmannschaft der Herren in der Lanxess Arena auf. Beim \"<span class=\"sprache\" lang=\"en\" xml:lang=\"en\">Double Header<\/span>\" des Deutschen Basketball Bundes <abbr lang=\"de\" title=\"eingetragener Verein\" xml:lang=\"de\">e.V.<\/abbr> (DBB) treffen die Damen um 17 Uhr auf die T\u00fcrkei, ehe die Herren um 20 Uhr gegen die Niederlande spielen werden. F\u00fcr die <abbr lang=\"de\" title=\"Deutschen Basketball Bundes\" xml:lang=\"de\">DBB<\/abbr>-Damen unter der Leitung von Trainer Olaf Lange ist es der letzte H\u00e4rtetest vor der Heim-Weltmeisterschaft 2026 in Berlin.<\/p><p>F\u00fcr die amtierenden Welt- und Europameister der Herren geht um wichtige Punkte in der Qualifikation zum <abbr lang=\"fr\" title=\"F\u00e9d\u00e9ration Internationale de Basketball\" xml:lang=\"fr\">FIBA<\/abbr> <span class=\"sprache\" lang=\"en\" xml:lang=\"en\">Basketball World Cup<\/span> 2027 in Katar. Die <abbr lang=\"de\" title=\"Deutschen Basketball Bundes\" xml:lang=\"de\">DBB<\/abbr>-Auswahl empf\u00e4ngt die Niederlande zum Auftakt der zweiten Qualifikationsrunde. Deutschland tritt in Gruppe K au\u00dferdem gegen Polen und Lettland an. Bundestrainer \u00c1lex Mumbr\u00fa kann dabei auf zahlreiche Leistungstr\u00e4ger aus der <span class=\"sprache\" lang=\"en\" xml:lang=\"en\">National Basketball Association<\/span> (<span class=\"sprache\" lang=\"en\" xml:lang=\"en\">NBA<\/span>) und den europ\u00e4ischen Topligen setzen. Erst am vergangenen Samstag, 22. August, gewann das <span class=\"sprache\" lang=\"en\" xml:lang=\"en\">Team<\/span> um Spielmacher Dennis Schr\u00f6der (<span class=\"sprache\" lang=\"en\" xml:lang=\"en\">Charlotte Hornets<\/span>) den DBB-Supercup mit einem 96:87-Erfolg im Finale gegen Kroatien.<\/p><p>Der Basketball \"<span class=\"sprache\" lang=\"en\" xml:lang=\"en\">Double-Header<\/span>\" ist eine von vielen hochkar\u00e4tigen Veranstaltungen aus dem Spitzensport, die Teil des \"K\u00f6lner Sportjahres\" sind.<\/p>","timestamp":"2026-08-24 11:26:35","title_de":"Sportliche Termine der Woche","untertitle":null,"url":"\/politik-und-verwaltung\/presse\/mitteilungen\/28611\/index.html"},{"id":"38807","directory":"\/politik-und-verwaltung\/presse\/mitteilungen\/28608","presse_jahr":"2026","presse_monat":"08","presse_tag":"21","presse_uhrzeit":"15:24","teaser_de":"Ehemaliger Oberb\u00fcrgermeister der Stadt K\u00f6ln wird am 27. August beigesetzt","textblock_9_0":"<p>Am 17. August 2026 verstarb <abbr lang=\"%langAttr\" title=\"Doctor honoris causa\" xml:lang=\"%langAttr\">Dr. h.c.<\/abbr> Fritz Schramma, vom 17. September 2000 bis zum 20. Oktober 2009 Oberb\u00fcrgermeister der Stadt K\u00f6ln und zuvor seit 1989 Mitglied des Rates der Stadt K\u00f6ln.<\/p><p>Die Trauerfeier findet am <strong>Donnerstag, 27. August 2026, um 13 Uhr<\/strong> in der Trauerhalle auf dem Westfriedhof, Venloer Stra\u00dfe 1132, K\u00f6ln-Vogelsang, statt, anschlie\u00dfend erfolgt dort die Beisetzung.<\/p><p> <\/p>","timestamp":"2026-08-28 14:57:24","title_de":"Trauerfeier f\u00fcr Dr. h.c. Fritz Schramma","untertitle":"Ehemaliger Oberb\u00fcrgermeister der Stadt K\u00f6ln wird am 27. August beigesetzt","url":"\/politik-und-verwaltung\/presse\/mitteilungen\/28608\/index.html"},{"id":"38811","directory":"\/politik-und-verwaltung\/presse\/mitteilungen\/28610","presse_jahr":"2026","presse_monat":"08","presse_tag":"21","presse_uhrzeit":"15:05","teaser_de":null,"textblock_9_0":"<p><b>K\u00f6ln-Innenstadt: Reparatur einer abgesackten Fahrbahn auf der Turiner Stra\u00dfe<br><\/b>Die Stadt K\u00f6ln repariert kurzfristig seit <b>Donnerstag, 20. August, bis Donnerstag, 27. August 2026,<\/b> auf der Turiner Stra\u00dfe die abgesackte Linksabbieger-Spur auf H\u00f6he der Hausnummer 15. Daf\u00fcr werden die Linksabbieger-Spur und die angrenzende Geradeaus-Spur gesperrt. Der Verkehr kann die verbleibende Spur nutzen. Linksabbiegen auf \"Unter Kranenb\u00e4umen\" ist in dieser Woche nicht m\u00f6glich.<\/p><p><b>K\u00f6ln-Innenstadt: Mehr Platz f\u00fcr Rad- und Fu\u00dfverkehr in der Lindenstra\u00dfe<br><\/b>Die Stadt K\u00f6ln hat die Lindenstra\u00dfe im Abschnitt zwischen L\u00fctzowstra\u00dfe und Roonstra\u00dfe fahrradfreundlicher gestaltet. Stadtausw\u00e4rts gibt es einen rund 2,40 Meter breiten Radfahrstreifen auf der Fahrbahn. Stadteinw\u00e4rts bewegen sich Radfahrer*innen im Mischverkehr mit dem motorisierten Verkehr. So schafft die Stadt K\u00f6ln eine klare und sichere Verkehrsf\u00fchrung. Der alte bauliche Radweg im Seitenraum wurde unkenntlich gemacht. Er verlief direkt neben parkenden Autos und damit im sogenannten \"<span class=\"sprache\" lang=\"en\" xml:lang=\"en\">Dooring<\/span>-Bereich\". Dort k\u00f6nnen Radfahrer*innen durch unachtsam ge\u00f6ffnete Autot\u00fcren gef\u00e4hrdet werden. Durch die Verlegung des Radverkehrs auf die Fahrbahn steht nun den Fu\u00dfg\u00e4nger*innen ein breiter Gehweg zur Verf\u00fcgung. Das schafft mehr Abstand zwischen Rad- und Fu\u00dfverkehr, erh\u00f6ht die Sicherheit und macht die Verkehrsf\u00fchrung \u00fcbersichtlicher. Die Stadt K\u00f6ln hat den gesamten Abschnitt vom Gehwegparken befreit und 13 neue Fahrradabstellb\u00fcgel installiert. An ihnen k\u00f6nnen insgesamt 26 Fahrr\u00e4der abgestellt werden. Die Ma\u00dfnahme in der Lindenstra\u00dfe ist ein weiterer Schritt beim Aufbau einer durchg\u00e4ngigen Radverkehrsachse bis zu den Ringen. Das Radverkehrskonzept Innenstadt wurde 2016 als Handlungsrahmen f\u00fcr die k\u00fcnftige Entwicklung der Radverkehrsinfrastruktur beschlossen. Es umfasst insgesamt 166 Einzelma\u00dfnahmen und legt Radverkehrsachsen von besonderer Bedeutung fest. Mit der fahrradfreundlichen Gestaltung der Lindenstra\u00dfe wird die Verbindung zwischen dem bestehenden Radverkehrsnetz und den Ringen weiter verbessert. Unter <a title=\"https:\/\/www.stadt-koeln.de\/artikel\/60927\/index.html\" href=\"https:\/\/www.stadt-koeln.de\/artikel\/60927\/index.html\">www.stadt-koeln.de\/rvki<\/a> k\u00f6nnen auf der Internetseite der Stadt K\u00f6ln weitere Informationen zum Radverkehrskonzept Innenstadt abgerufen werden.<\/p><p>Weitere Informationen zu Stra\u00dfenbaustellen k\u00f6nnen im <a title=\"https:\/\/www.stadt-koeln.de\/leben-in-koeln\/verkehr\/verkehrskalender\/index.html\" href=\"https:\/\/www.stadt-koeln.de\/leben-in-koeln\/verkehr\/verkehrskalender\/index.html\">Verkehrskalender <\/a>abgerufen werden.<\/p>","timestamp":"2026-08-24 08:43:08","title_de":"Baustellen in den Stadtteilen","untertitle":null,"url":"\/politik-und-verwaltung\/presse\/mitteilungen\/28610\/index.html"},{"id":"38809","directory":"\/politik-und-verwaltung\/presse\/mitteilungen\/28609","presse_jahr":"2026","presse_monat":"08","presse_tag":"21","presse_uhrzeit":"14:55","teaser_de":"Qualifizierungsverfahren f\u00fcr das Gebiet in Neubr\u00fcck hat begonnen","textblock_9_0":"<p>Auf den Grundst\u00fccksfl\u00e4chen des ehemaligen \"Madaus Gartenland\" am Neubr\u00fccker Ring im Stadtteil Neubr\u00fcck entwickelt die <abbr lang=\"de\" title=\"Gemeinn\u00fctzige Aktiengesellschaft f\u00fcr Wohnungsbau\" xml:lang=\"de\">GAG<\/abbr> Immobilien AG gemeinsam mit der Stadt K\u00f6ln ein neues Wohnquartier. Auf dem derzeit weitgehend unbebauten Grundst\u00fcck wird im Rahmen des laufenden Bebauungsplanverfahrens gepr\u00fcft, ob dort ein zeitgem\u00e4\u00dfes, klimaangepasstes Quartier mit bezahlbarem Wohnraum, sozialer Infrastruktur, einer neuen Feuerwache, einer station\u00e4ren Pflegeeinrichtung sowie attraktiven Gr\u00fcn- und Freifl\u00e4chen entstehen kann. Dazu f\u00fchren die Stadt K\u00f6ln und die <abbr lang=\"de\" title=\"Gemeinn\u00fctzige Aktiengesellschaft f\u00fcr Wohnungsbau\" xml:lang=\"de\">GAG Immobilien AG<\/abbr> als Grundst\u00fcckseigent\u00fcmerin ein st\u00e4dtebaulich-freiraumplanerisches Qualifizierungsverfahren durch. In diesem erarbeiten sechs Planungsteams Entw\u00fcrfe f\u00fcr die zuk\u00fcnftige Entwicklung des Gebietes.<\/p><p>B\u00fcrger*innen erhalten im Rahmen des im Mai begonnenen Qualifizierungsverfahrens die M\u00f6glichkeit, sich \u00fcber den Stand der neuen Quartiersentwicklung zu informieren, die eingereichten Entw\u00fcrfe kennenzulernen und Hinweise zu geben. Diese Stellungnahmen flie\u00dfen in die weitere Bearbeitung der Planungen ein und werden dem Bewertungsgremium zur Verf\u00fcgung gestellt.<\/p><p>Die digitale \u00d6ffentlichkeitsbeteiligung findet von Montag, 24. August, bis Dienstag, 8. September 2026, \u00fcber das Beteiligungsportal der Stadt K\u00f6ln \"Meinung f\u00fcr K\u00f6ln\" statt. In diesem Zeitraum werden die Arbeiten der teilnehmenden Planungsteams in Ausz\u00fcgen digital pr\u00e4sentiert. B\u00fcrger*innen k\u00f6nnen die Entw\u00fcrfe online kommentieren, R\u00fcckfragen stellen und Anregungen formulieren. Diese R\u00fcckmeldungen bilden eine wichtige Grundlage f\u00fcr die anschlie\u00dfende Bewertung der Entw\u00fcrfe. <\/p><p>Zus\u00e4tzlich zur digitalen Beteiligung werden am Dienstag, 8. September 2026, die Entw\u00fcrfe der Planungs<span class=\"sprache\" lang=\"en\" xml:lang=\"en\">teams<\/span> vor Ort ausgestellt. Von 17 bis 20 Uhr k\u00f6nnen sich Interessierte in der Aula des Schulzentrums Ostheim, Hardtgenbuscher Kirchweg 100, K\u00f6ln-Ostheim (Zugang \u00fcber Herkenrathweg), im direkten Austausch mit den Planungsteams informieren, R\u00fcckfragen stellen und ihre Hinweise schriftlich festhalten. Auch diese Stellungnahmen werden dem Bewertungsgremium zur Verf\u00fcgung gestellt.<\/p><p>Nach Auswertung der Beitr\u00e4ge der \u00d6ffentlichkeit ber\u00e4t am Montag, 14. September 2026, das Bewertungsgremium \u00fcber die eingereichten Entw\u00fcrfe und w\u00e4hlt einen Entwurf aus, der die Grundlage wird f\u00fcr die Erarbeitung des Bebauungsplan-Entwurfs und die weitere Entwicklung des Areals. Das Ergebnis dieser Jurysitzung wird im Rahmen einer \u00f6ffentlichen Abschlussveranstaltung am Freitag, 25. September 2026, im Schulzentrum Ostheim vorgestellt. Den pr\u00e4mierten Entwurf pr\u00e4sentieren das ausgew\u00e4hlte Planungsteam sowie Vertreter*innen des Bewertungsgremiums. Sie erl\u00e4utern die Gr\u00fcnde f\u00fcr die Entscheidung und stehen zum Austausch zur Verf\u00fcgung.<\/p><p>Unter <a title=\"https:\/\/www.stadt-koeln.de\/artikel\/74146\/index.html\" href=\"https:\/\/www.stadt-koeln.de\/artikel\/74146\/index.html\">www.stadt-koeln.de\/artikel\/74146\/index.html<\/a> k\u00f6nnen auf der Internetseite der Stadt K\u00f6ln aktuelle Informationen zur Quartiersentwicklung \"Neubr\u00fccker Ring\" abgerufen werden.<\/p>","timestamp":"2026-08-31 11:06:29","title_de":"Neues Quartier Neubr\u00fccker Ring\/Madaus Gartenland","untertitle":"Qualifizierungsverfahren f\u00fcr das Gebiet in Neubr\u00fcck hat begonnen","url":"\/politik-und-verwaltung\/presse\/mitteilungen\/28609\/index.html"},{"id":"38805","directory":"\/politik-und-verwaltung\/presse\/mitteilungen\/28607","presse_jahr":"2026","presse_monat":"08","presse_tag":"21","presse_uhrzeit":"12:44","teaser_de":"Stadt K\u00f6ln unterst\u00fctzt weltweit gr\u00f6\u00dfte Messe f\u00fcr Computer- und Videospiele","textblock_9_0":"<p>K\u00f6ln ist vom <b>26. bis 30. August 2026<\/b> erneut Gastgeberin der weltweit gr\u00f6\u00dften Messe f\u00fcr Computer- und Videospiele. Auch in diesem Jahr werden wieder hunderttausende Besucher*innen aus aller Welt zur <span class=\"sprache\" lang=\"en\" xml:lang=\"en\">Gamescom<\/span> erwartet. Die Stadt K\u00f6ln weitet in diesem Jahr ihre Unterst\u00fctzung f\u00fcr die Messe erneut aus.<\/p><p>Oberb\u00fcrgermeister Torsten Burmester:<\/p><blockquote><p>K\u00f6ln ist eines der wichtigsten Zentren des <span class=\"sprache\" lang=\"en\" xml:lang=\"en\">Gamings<\/span> weltweit. \u00dcber die <span class=\"sprache\" lang=\"en\" xml:lang=\"en\">Gamescom<\/span> hinaus ist unsere Stadt attraktiv f\u00fcr junge Unternehmen aus wachsenden <span class=\"sprache\" lang=\"en\" xml:lang=\"en\">Branchen<\/span> wie dem <span class=\"sprache\" lang=\"en\" xml:lang=\"en\">E-Sport<\/span>. Mit unserer Unterst\u00fctzung wollen wir daf\u00fcr Sorge tragen, dass die vielen Facetten der <span class=\"sprache\" lang=\"en\" xml:lang=\"en\">Gamescom<\/span> f\u00fcr die K\u00f6lnerinnen und K\u00f6lner erlebbar werden und die Messe ein wichtiger Wirtschaftsfaktor f\u00fcr unsere Stadt bleibt.<\/p><\/blockquote><p><b>Oberb\u00fcrgermeister Torsten Burmester<\/b> wird die <span class=\"sprache\" lang=\"en\" xml:lang=\"en\">Gamescom<\/span> am <b>Freitag, 28. August 2026<\/b>, besuchen. Bei seinem Besuch wird der Oberb\u00fcrgermeister mit Gerald B\u00f6se, Vorsitzender der Gesch\u00e4ftsf\u00fchrung der Koelnmesse <abbr lang=\"de\" title=\"Gesellschaft mit beschr\u00e4nkter Haftung\" xml:lang=\"de\">GmbH<\/abbr>, einen <b>Rundgang<\/b> \u00fcber das Gel\u00e4nde machen. Der Rundgang beginnt um <b>11 Uhr<\/b> im Congress Centrum Nord.<\/p><p>Damit das <span class=\"sprache\" lang=\"en\" xml:lang=\"en\">Flair<\/span> der Messe auch ohne Ticket und somit f\u00fcr alle erlebbar wird, finanziert die Stadt K\u00f6ln erneut das <span class=\"sprache\" lang=\"en\" xml:lang=\"en\"><b>Gamescom City Festival<\/b><\/span> auf dem Hohenzollernring in der K\u00f6lner Innenstadt ma\u00dfgeblich mit in diesem Jahr mit 350.000 Euro.<\/p><p>Am <b>Samstag, 29. August, und Sonntag, 30. August 2026<\/b>, erwartet Besucher*innen des Festivals auf zwei gro\u00dfen Open-Air\u2011B\u00fchnen ein breitgef\u00e4chertes Musikprogramm mit K\u00fcnstler*innen wie den diesj\u00e4hrigen Holger-Czukay-Preistr\u00e4ger*innen der <span class=\"sprache\" lang=\"en\" xml:lang=\"en\">Punkband<\/span> Grenzkontrolle, der <span class=\"sprache\" lang=\"en\" xml:lang=\"en\">Independent-Band<\/span> <span class=\"sprache\" lang=\"en\" xml:lang=\"en\">The Notwist<\/span> oder dem Musiker Thees Uhlmann. Erg\u00e4nzt wird das Angebot durch Gastronomie und <span class=\"sprache\" lang=\"en\" xml:lang=\"en\">Event<\/span>st\u00e4nde. Der Eintritt zum Festival ist frei.<\/p><p>Neben zahlreichen Plakaten, <span class=\"sprache\" lang=\"en\" xml:lang=\"en\">Out-of-Home<\/span>-Medien und der <span class=\"sprache\" lang=\"en\" xml:lang=\"en\">Gamescom<\/span>-Beflaggung an diversen Geb\u00e4uden in der Innenstadt leuchtet die <b>Hohenzollernbr\u00fccke <\/b>auch in diesem Jahr in den Farben der <span class=\"sprache\" lang=\"en\" xml:lang=\"en\">Gamescom<\/span>. Die <b>Illumination <\/b>wird von der Stadt K\u00f6ln mit einem Zuschuss von 50.000 Euro unterst\u00fctzt. Mit Einbruch der Dunkelheit wird die Br\u00fccke an vier Tagen, <b>vom 26. August bis 29. August 2026, <\/b>beleuchtet. Die Illumination findet jeweils bis Mitternacht statt, Ausnahmen bilden der <b>Donnerstagabend, 27. August 2026<\/b>, an dem die Illumination bis 1 Uhr erfolgt und <b>Samstagabend, 29. August,<\/b> an dem die Illumination bereits um 23 Uhr endet.<\/p><p>Zum bereits 13. Mal l\u00e4dt die Stadt K\u00f6ln in einem Netzwerk mit mittlerweile 31 Netzwerkpartnern vom <span class=\"sprache\" lang=\"en\" xml:lang=\"en\">Indie-Game<\/span>-Studio bis zum Bildungstr\u00e4ger zum <b>Jugendforum <abbr lang=\"de\" title=\"Nordrhein-Westfalen\" xml:lang=\"de\">NRW <\/abbr><\/b>in Messehalle 10.1 ein. Auf mehr als 600 Quadratmetern finden mehr als 50 Stunden B\u00fchnenprogramm und \u00fcber 100 Aktionen zu Mitmachen statt. Dar\u00fcber hinaus lassen sich \u00fcber 50 brandneue Videospiele aus K\u00f6ln und <abbr lang=\"de\" title=\"Nordrhein-Westfalen\" xml:lang=\"de\">NRW<\/abbr> ausprobieren. Das Angebot richtet sich dabei nicht nur an Jugendliche und ihre Familien, sondern steht allen Interessierten offen. Eine Premiere erlebt in diesem Jahr unter anderem eine rein auditive <span class=\"sprache\" lang=\"en\" xml:lang=\"en\">Virtual-Reality<\/span>-Erfahrung des K\u00f6lner Entwickler*innen-Kollektivs \"SONA VR\", die virtuelle Welten auch f\u00fcr Menschen mit Seheinschr\u00e4nkungen \u00f6ffnet. Erstmals zu Gast sind die \"<span class=\"sprache\" lang=\"en\" xml:lang=\"en\">Able Gamers<\/span>\" aus den <abbr lang=\"en\" title=\"United States of America, Vereinigte Staaten von Amerika\" xml:lang=\"en\">USA<\/abbr>, die das Ziel verfolgen, <span class=\"sprache\" lang=\"en\" xml:lang=\"en\">Gaming<\/span> auch f\u00fcr Spielebegeisterte mit Behinderungen besser zug\u00e4nglich zu machen. Am <b>Freitag, 28. August 2026, ab 11.15 Uhr,<\/b> besuchen <b>Verena Sch\u00e4ffer, Ministerin f\u00fcr Kinder, Jugend, Familie, Gleichstellung, Flucht und Integration des Landes Nordrhein-Westfalen<\/b>, und <b>Robert Voigtsberger, Beigeordneter f\u00fcr Bildung, Jugend und Sport der Stadt K\u00f6ln<\/b>, gemeinsam das Jugendforum <abbr lang=\"de\" title=\"Nordrhein-Westfalen\" xml:lang=\"de\">NRW<\/abbr> und tauschen sich im Anschluss <b>ab 12 Uhr<\/b> mit Vertreter*innen der bedeutendsten Medienbildungstr\u00e4gern und Besucher*innen zu <span class=\"sprache\" lang=\"en\" xml:lang=\"en\">Chance<\/span>n und Herausforderungen rund um die Jugendmedienkultur aus. Oberb\u00fcrgermeister Torsten Burmester wird sich im Rahmen des Rundgangs am Freitag, 28. August 2026, ebenfalls einen \u00dcberblick \u00fcber das Jugendforum <abbr lang=\"de\" title=\"Nordrhein-Westfalen\" xml:lang=\"de\">NRW<\/abbr> verschaffen.<\/p><p>Die Stadt K\u00f6ln und die K\u00f6ln<span class=\"sprache\" lang=\"en\" xml:lang=\"en\">Business<\/span> Wirtschaftsf\u00f6rderung <span class=\"sprache\" lang=\"fr\" xml:lang=\"fr\">engagieren<\/span> sich f\u00fcr den dauerhaften Ausbau eines starken und verl\u00e4sslichen \u00d6kosystems f\u00fcr die <span class=\"sprache\" lang=\"en\" xml:lang=\"en\">Games<\/span>- und <span class=\"sprache\" lang=\"en\" xml:lang=\"en\">E-Sport-Branche<\/span>. Die Stadt K\u00f6ln hat in den vergangenen Jahren die Mittel der Wirtschaftsf\u00f6rderung rund um die Messe kontinuierlich erh\u00f6ht. Mit mehr als 60 <span class=\"sprache\" lang=\"en\" xml:lang=\"en\">Branche<\/span>nunternehmen und einem dichten Netzwerk aus Studios, <span class=\"sprache\" lang=\"en\" xml:lang=\"en\">E\u2011Sport<\/span>\u2011Organisationen, Dienstleistern sowie Ausbildungs- und Forschungseinrichtungen geh\u00f6rt K\u00f6ln zu den wichtigen <span class=\"sprache\" lang=\"en\" xml:lang=\"en\">Games<\/span>-Standorten in Deutschland.<\/p>","timestamp":"2026-08-21 12:51:55","title_de":"Das Herz des Gamings schl\u00e4gt in K\u00f6ln","untertitle":"Stadt K\u00f6ln unterst\u00fctzt weltweit gr\u00f6\u00dfte Messe f\u00fcr Computer- und Videospiele","url":"\/politik-und-verwaltung\/presse\/mitteilungen\/28607\/index.html"},{"id":"38803","directory":"\/politik-und-verwaltung\/presse\/mitteilungen\/28606","presse_jahr":"2026","presse_monat":"08","presse_tag":"21","presse_uhrzeit":"10:00","teaser_de":"Standorte in weiteren Veedeln sollen folgen, Pat*innen aus der Nachbarschaft gesucht","textblock_9_0":"<p>Die Stadt K\u00f6ln \u00fcbergibt eine TauschBox an die M\u00fclheimer B\u00fcrger*innen und freut sich auf eine rege Nutzung. Das Regal am Rande des Wiener Platzes, an der Kreuzung Frankfurter Stra\u00dfe und Eulenbergstra\u00dfe, ist f\u00fcr jeden rund um die Uhr frei zug\u00e4nglich. Hinein darf alles, was man auch guten Freund*innen noch schenken w\u00fcrde. Die Alltagsgegenst\u00e4nde sollen intakt und sauber sein. Kleidung, ob alt oder neu, geh\u00f6rt nicht in die TauschBox. B\u00fccher k\u00f6nnen weiterhin in den vielen \u00f6ffentlichen B\u00fccherschr\u00e4nken abgelegt werden.<\/p><p>Das Angebot soll als Treffpunkt f\u00fcr nachbarschaftliches Geben und Nehmen dienen. Gut erhaltene Gegenst\u00e4nde k\u00f6nnen hier abgelegt werden. Wem etwas in der Auslage gef\u00e4llt, der nimmt es ohne Gegenleistung einfach mit. Eine kleine Geste f\u00f6rdert so Gemeinschaftssinn und hilft gleichzeitig, <span class=\"sprache\" lang=\"fr\" xml:lang=\"fr\">Ressourcen<\/span> und damit unsere Umwelt zu schonen. Dinge aus der Schublade oder dem Keller, die noch gut erhalten und gebrauchsbereit sind, entfalten so Potential f\u00fcr ein zweites Leben.<\/p><p>Was neben Kleidung und B\u00fcchern au\u00dferdem nicht ins Regal geh\u00f6rt: Alles, was zu gro\u00df ist, um es in das Regal zu legen sowie Ger\u00e4te mit Akku, gef\u00e4hrliche Gegenst\u00e4nde, Medikamente, Lebensmittel, Getr\u00e4nke und Alkoholika. Wenn Dinge aus diesen Kategorien auffallen, bitten wir, diese entweder direkt zu entsorgen oder die Stadtverwaltung per <a title=\"zerowaste@stadt-koeln.de\" href=\"mailto:zerowaste@stadt-koeln.de\">E-Mail<\/a> zu informieren.<\/p><p>In den kommenden Wochen werden neben der TauschBox in K\u00f6ln-M\u00fclheim vier weitere Orte der Nachhaltigkeit entstehen, und zwar hier:<\/p><ul><li>S\u00fcdstadt, Merowinger Stra\u00dfe<\/li><li>Innenstadt, Br\u00fcsseler Platz<\/li><li>Innenstadt, Z\u00fclpicher Platz<\/li><li>Zollstock, Gottesweg<\/li><li>Bereits seit 2025: Hohe Stra\u00dfe, H\u00f6he Hausnummer 12.<\/li><\/ul><p>Damit alles ordentlich bleibt, sucht die Stadtverwaltung Pat*innen aus der Nachbarschaft, die ein Auge auf die jeweilige TauschBox haben. Interessierte k\u00f6nnen sich f\u00fcr diese ehrenamtliche T\u00e4tigkeit per <span class=\"sprache\" lang=\"en\" xml:lang=\"en\">E-Mail<\/span> mit dem Betreff \"TauschBox\" oder telefonisch unter 0221 \/ 221-27563 melden.<\/p><p><a title=\"zerowaste@stadt-koeln.de\" href=\"mailto:zerowaste@stadt-koeln.de\">Ehrenamtliche T\u00e4tigkeit<\/a><\/p>","timestamp":"2026-08-21 11:44:55","title_de":"Eine TauschBox f\u00fcr K\u00f6ln-M\u00fclheim","untertitle":"Standorte in weiteren Veedeln sollen folgen, Pat*innen aus der Nachbarschaft gesucht","url":"\/politik-und-verwaltung\/presse\/mitteilungen\/28606\/index.html"},{"id":"38801","directory":"\/politik-und-verwaltung\/presse\/mitteilungen\/28605","presse_jahr":"2026","presse_monat":"08","presse_tag":"20","presse_uhrzeit":"15:50","teaser_de":"Eintragungen sind bis zum 27. August m\u00f6glich","textblock_9_0":"<p>K\u00f6ln trauert um den ehemaligen Oberb\u00fcrgermeister <abbr lang=\"de\" title=\"Doktor honoris causa, Ehrendoktor\" xml:lang=\"de\">Dr. h.c<\/abbr>. Fritz Schramma, der am Montag, 17. August 2026, im Alter von 78 Jahren an den Folgen einer schweren Krankheit verstorben ist. Oberb\u00fcrgermeister Torsten Burmester hat im Historischen Rathaus und im Rathaus, Spanischer Bau, ein Kondolenzbuch auslegen lassen. Dort sind Eintragungen zu den \u00fcblichen \u00d6ffnungszeiten m\u00f6glich.<\/p><p>Am kommenden Samstag, 22. August 2026, \u00f6ffnet die Stadt zus\u00e4tzlich von 8:15 Uhr bis 15:30 Uhr das Historische Rathaus. Eintragungen in das Kondolenzbuch sind noch bis Donnerstag, 27. August 2026, 15 Uhr, m\u00f6glich.<\/p><p> <\/p>","timestamp":"2026-08-28 07:42:49","title_de":"Kondolenzbuch f\u00fcr Fritz Schramma","untertitle":"Eintragungen sind bis zum 27. August m\u00f6glich","url":"\/politik-und-verwaltung\/presse\/mitteilungen\/28605\/index.html"},{"id":"38797","directory":"\/politik-und-verwaltung\/presse\/mitteilungen\/28604","presse_jahr":"2026","presse_monat":"08","presse_tag":"18","presse_uhrzeit":"14:35","teaser_de":"Ehemaliger Oberb\u00fcrgermeister starb im Alter von 78 Jahren","textblock_9_0":"<p><abbr lang=\"de\" title=\"Doktor honoris causa, Ehrendoktor\" xml:lang=\"de\"> Dr. h.c.<\/abbr> Fritz Schramma, vom 17. September 2000 bis zum 20. Oktober 2009 Oberb\u00fcrgermeister der Stadt K\u00f6ln und zuvor seit 1989 Mitglied des Rates der Stadt K\u00f6ln, ist am gestrigen Montag, 17. August 2026, im Alter von 78 Jahren an den Folgen einer schweren Krankheit gestorben.<\/p><p>Oberb\u00fcrgermeister Torsten Burmester w\u00fcrdigt die Verdienste Schrammas:<\/p><blockquote><p>Mit Fritz Schramma verliert K\u00f6ln einen ehemaligen Oberb\u00fcrgermeister, dem die Menschen, die ihm begegneten, abnahmen, dass sein Amt f\u00fcr ihn nie nur ein Beruf, sondern wie er selbst oft sagte die Erf\u00fcllung eines Traums war. Die Stadt K\u00f6ln ist Fritz Schramma zu gro\u00dfem Dank verpflichtet. Seine innere Haltung und sein Wirken waren und sind heute noch in vielen Bereichen beispielhaft.<\/p><\/blockquote><p>Der Oberb\u00fcrgermeister hat Trauerbeflaggung angeordnet und l\u00e4sst im Rathaus ein Kondolenzbuch auslegen.<\/p><p>Fritz Schramma, seit 1989 Mitglied des Rates der Stadt K\u00f6ln, \u00fcbernahm nach dem pl\u00f6tzlichen Tod von Oberb\u00fcrgermeister <abbr lang=\"de\" title=\"au\u00dfer Dienst\" xml:lang=\"de\">a.D.<\/abbr> Harry Blum im M\u00e4rz 2000 zun\u00e4chst als B\u00fcrgermeister die repr\u00e4sentativen Aufgaben der Stadt K\u00f6ln. Am 17. September 2000 w\u00e4hlten ihn die K\u00f6lner*innen zum neuen K\u00f6lner Oberb\u00fcrgermeister. Er trat das Amt zu einem Zeitpunkt an, als nach der \u00c4nderung der Gemeindeordnung die zuvor bestehende Trennung der Aufgaben, die alte \"Doppelspitze\", war aufgegeben worden der neue Zuschnitt dieser Aufgabe als oberster Repr\u00e4sentant und zugleich als Verwaltungschef in Nordrhein-Westfalen noch ausgelotet werden musste.<\/p><p>Schrammas Amtsverst\u00e4ndnis war gepr\u00e4gt von dem Gedanken, dass der Oberb\u00fcrgermeister der erste B\u00fcrger dieser Stadt ist. Verwaltungsmanagement als Mittel und Methode, B\u00fcrgerinteressen zu realisieren, aber nicht als Selbstzweck einer B\u00fcrokratie. Gleich zu Beginn seiner Amtszeit richtete Schramma ein OB-B\u00fcrgerb\u00fcro mit regelm\u00e4\u00dfigen pers\u00f6nlichen B\u00fcrgersprechstunden ein und chattete als erster Oberb\u00fcrgermeister in Nordrhein-Westfalen regelm\u00e4\u00dfig im Internet mit den B\u00fcrgerinnen und B\u00fcrgern.<\/p><p>Bis zu seiner Wahl zum Oberb\u00fcrgermeister war Schramma fast 28 Jahre als Lehrer im Schuldienst t\u00e4tig und legte auch als Oberb\u00fcrgermeister einen besonderen Fokus auf die Betreuung und Bildung von Kindern und Jugendlichen. Er trieb ma\u00dfgeblich die Sanierung der K\u00f6lner Schulen, den Ausbau der Ganztagsbetreuung und die Ausweitung der Betreuung f\u00fcr Kinder unter drei Jahren voran. Aber auch die Neugestaltung des Rheinauhafens, der Ausbau der Kreativ- und Medienwirtschaft in K\u00f6ln, die Zusammenarbeit in der Region, die Umwandlung des rechtsrheinischen Industriestandortes, die Neugestaltung des Bahnhofsvorplatzes, Initiativen f\u00fcr ein sauberes K\u00f6ln, das Entstehen neuer Wohngebiete, der Unternehmensservice, das Branchenforum Industrie, die Ansiedlung von Weltunternehmen, der Ehrenamtspreis \"K\u00f6lnEngagiert\" und der Leitbildprozess 2020 sind untrennbar mit der Amtszeit von Fritz Schramma verbunden.<\/p><p>Der Bau der Moschee in Ehrenfeld war f\u00fcr Fritz Schramma ein Zeichen der Integration. 2008 verlieh ihm die Deutsch-T\u00fcrkische Gesundheitsstiftung f\u00fcr sein <span class=\"sprache\" lang=\"fr\" xml:lang=\"fr\">Engagement<\/span> den ersten Gen\u00e7-Preis. Im Jahre 2009 erhielt er den Muhammad-Nafi-Tschelebi-Friedenspreis. Oberb\u00fcrgermeister Torsten Burmester:<\/p><blockquote><p>Fritz Schramma hat als Mittler gewirkt, auch gegen Widerst\u00e4nde und politische Intoleranz. Damit hat er einen wichtigen Beitrag zur Integration und zum Frieden in unserer Stadt geleistet! Die K\u00f6lnerinnen und K\u00f6lner werden ihrem fr\u00fcheren Oberb\u00fcrgermeister ein ehrendes Andenken bewahren.<\/p><\/blockquote><p>Im Historischen Rathaus und im Rathaus Spanischer Bau liegen Kondolenzb\u00fccher f\u00fcr Fritz Schramma aus.<\/p><p><strong>\u00d6ffnungszeiten Historisches Rathaus und Rathaus Spanischer Bau:<\/strong><br>Montag, Mittwoch und Donnerstag: 8 bis 16 Uhr<br>Dienstag: 8 bis 18 Uhr<br>Freitag: 8 bis 12 Uhr<\/p><p><strong>Historisches Rathaus zus\u00e4tzlich:<\/strong><br>Samstag, 8:15 bis 15:30 Uhr<\/p><p>Eintragungen sind bis zum 27. August 2026 m\u00f6glich.<\/p><p>Die Familie bittet derzeit darum, von Kontaktaufnahme in jeder Form abzusehen. Derzeit laufen die Vorbereitungen f\u00fcr die Beisetzungsfeier, die zu einem sp\u00e4teren Zeitpunkt erfolgt. Termin und Ort werden in einer gesonderten Mitteilung bekanntgegeben.<\/p>","timestamp":"2026-08-28 07:43:52","title_de":"K\u00f6ln trauert um Fritz Schramma","untertitle":"Ehemaliger Oberb\u00fcrgermeister starb im Alter von 78 Jahren","url":"\/politik-und-verwaltung\/presse\/mitteilungen\/28604\/index.html"},{"id":"38799","directory":"\/politik-und-verwaltung\/presse\/mitteilungen\/28603","presse_jahr":"2026","presse_monat":"08","presse_tag":"18","presse_uhrzeit":"13:00","teaser_de":"","textblock_9_0":"<p>Anbei finden Sie ausgew\u00e4hlte Kulturtermine von Kulturamt, NS-DOK, Stadtbibliothek und einzelner Museen f\u00fcr den Monat September 2026.<\/p><p><b>Kulturamt<\/b><\/p><p> <\/p><h2><b>SHALOM-MUSIK.KOELN Festival f\u00fcr j\u00fcdische Musik<\/b><\/h2><p>Zum vierten Mal l\u00e4dt \"SHALOM-MUSIK.KOELN\" ein zu einem vielseitigen Festival f\u00fcr j\u00fcdische Musik. Unter dem Motto \"Zuh\u00f6ren\" finden zahlreiche Konzerte statt, die j\u00fcdische Musik in ihrer ganzen Vielfalt h\u00f6rbar machen und damit ein Zeichen setzen f\u00fcr Zusammenhalt, f\u00fcr Begegnung und gegen Antisemitismus. Das Festival wird vom Kulturamt der Stadt K\u00f6ln gef\u00f6rdert.<\/p><p><strong>Termine: 1. bis 10. September 2026<\/strong><\/p><p>verschiedene Spielorte<\/p><p>Weitere Informationen: <a title=\"https:\/\/www.greenparrotfestival.de\/\" href=\"https:\/\/www.greenparrotfestival.de\/\">https:\/\/www.greenparrotfestival.de\/<\/a><\/p><p> <\/p><h2><b>GEM:EINSAM:KEITEN<\/b><\/h2><p>Die neue Produktion von TUN&LASSEN\" besch\u00e4ftigt sich mit Einsamkeit und der gro\u00dfen Ambivalenz, die sie begleitet: Wir alle f\u00fchlen uns manchmal einsam, aber selten sprechen wir dar\u00fcber. Einsamkeit bleibt oft eine stille Gemeinsamkeit als Zustand, der kommt und geht oder der l\u00e4nger bleibt als uns lieb ist.<\/p><p>\"TUN&LASSEN\" schaffen mit Tanz und Objekten niedrigschwellige Situationen im allt\u00e4glichen Treiben in K\u00f6ln-Kalk. Diese laden dazu ein, in Kontakt zu kommen, spielerisch miteinander zu kommunizieren oder einfach nur zu beobachten. So wird ein offener Treffpunkt im \u00f6ffentlichen Raum geschaffen und ein Angebot, dabei zu sein, ohne jemanden zu kennen, teilzuhaben, ohne vorher Bescheid zu wissen und mitzugestalten, wie man kann.<\/p><p>Die Passant*innen sind eingeladen, ihr Erleben zu teilen, in Worten, Bildern oder Gesten. Sie k\u00f6nnen ihre Eindr\u00fccke zum Thema Einsamkeit hinterlassen und Erfahrungen reflektieren. So entsteht eine sichtbare, wachsende Sammlung an Eindr\u00fccken, die Einsamkeit sanft und empathisch als Gemeinsamkeit behandelt und Verbindungen schafft, wo sie vielleicht nicht vermutet werden.<\/p><p>\u00dcber mehrere Wochen baut sich eine kontinuierliche Pr\u00e4senz im Stadtteil auf: Ohne Anmeldung, kostenfrei und unter freiem Himmel wird Kunst als Teil des Alltags erfahrbar. Die Veranstaltung wird vom Kulturamt der Stadt K\u00f6ln gef\u00f6rdert.<\/p><p><b>Termine:<\/b><\/p><p>3. September 2026, 13 bis 16 Uhr<br>5. September 2026, 16 bis 19 Uhr<br>10. September 2026, 13 bis 16 Uhr<br>12. September 2026, 16 bis 19 Uhr<\/p><p>Kalker Laden\/Stadtpark Kalk<br>Kalker Hauptstra\u00dfe 214<br>K\u00f6ln-Kalk<\/p><p>Weitere Informationen: <a title=\"https:\/\/tun-und-lassen.com\/gemeinsamkeiten\/\" href=\"https:\/\/tun-und-lassen.com\/gemeinsamkeiten\/\">https:\/\/tun-und-lassen.com\/gemeinsamkeiten\/ <\/a><\/p><p> <\/p><h2><b>Night of Stadtgarten 40 Jahre Stadtgarten K\u00f6ln<\/b><\/h2><p>Wir feiern 40 Jahre Stadtgarten K\u00f6ln. Am 4. September 1986 wurde der Konzertsaal er\u00f6ffnet. Aus diesem Anlass l\u00e4dt der Stadtgarten am 4. September 2026 ein zur Night of Stadtgarten: Ein Festival, das mit rund 20 Konzerten auf der gro\u00dfen Au\u00dfenb\u00fchne und auf allen B\u00fchnen des Hauses die vergangenen und die n\u00e4chsten 40 Jahre Stadtgarten feiert - und insbesondere die Zukunft kreativer Musik. Der Stadtgarten K\u00f6ln wird vom Kulturamt der Stadt K\u00f6ln gef\u00f6rdert. Termine: 4. bis 13. September 2026, alle Termine siehe Webseite an sieben verschiedenen Orten im K\u00f6lner Stadtteil Kalk. <\/p><p><strong>Termin: 4. September 2026, 19 Uhr<\/strong><\/p><p>Stadtgarten K\u00f6ln, Venloer Str. 40, 50672 K\u00f6ln<\/p><p>Weitere Informationen: <a title=\"https:\/\/www.stadtgarten.de\/programm\/night-of-stadtgarten-festival-zum-40sten-jubilaeum-11855\" href=\"https:\/\/www.stadtgarten.de\/programm\/night-of-stadtgarten-festival-zum-40sten-jubilaeum-11855\">https:\/\/www.stadtgarten.de\/programm\/night-of-stadtgarten-festival-zum-40sten-jubilaeum-11855<\/a><\/p><p> <\/p><h2><b>8. Europ\u00e4isches Literaturfest K\u00f6ln-Kalk<\/b><\/h2><p>Mit seiner achten Ausgabe geht das Europ\u00e4ische Literaturfestival K\u00f6ln-Kalk einen bewussten Schritt weiter. Unter dem Schwerpunktthema Scham\" bewegt sich das Festival erstmals durch das Veedel. Die Veranstaltung wird vom Kulturamt der Stadt K\u00f6ln gef\u00f6rdert.<\/p><p><strong>Termine: 5. bis 11. September 2026<\/strong><\/p><p>verschiedene Spielorte<\/p><p>Weitere Informationen: <a title=\"https:\/\/elk-festival.com\/\" href=\"https:\/\/elk-festival.com\/\">https:\/\/elk-festival.com\/<\/a><\/p><p> <\/p><h2><b>Cologne <span class=\"sprache\" lang=\"en\" xml:lang=\"en\">Jazzweek<\/span><\/b><\/h2><p>Die sechste Ausgabe der <span class=\"sprache\" lang=\"en\" xml:lang=\"en\">Cologne Jazzweek<\/span> bringt 2026 \u00fcber 50 Konzerte auf 20 B\u00fchnen und Open Air in die Stadt. Mit Konzerten in Clubs, Kirchen, Konzerts\u00e4len und neuen, bislang f\u00fcr Jazz unerschlossenen Orten wird ganz K\u00f6ln zur B\u00fchne. Mehr als 250 Musiker*innen aus 18 Nationen, zwischen K\u00f6lner Szene, europ\u00e4ischen Akteuren und internationalen G\u00e4sten, pr\u00e4sentieren die Vielfalt der improvisierten Musik. Die Veranstaltung wird vom Kulturamt der Stadt K\u00f6ln gef\u00f6rdert.<\/p><p><strong>Termine: 5. bis 11. September 2026<\/strong><\/p><p>verschiedene Spielorte<\/p><p>Weitere Informationen unter: <a title=\"https:\/\/jazzweek.de\/\" href=\"https:\/\/jazzweek.de\/\">https:\/\/jazzweek.de\/<\/a><\/p><p> <\/p><h2><b>KEYENBERG 3 Produktion von ANALOG in Koproduktion mit studiob\u00fchnek\u00f6ln<\/b><\/h2><p>Was bleibt von einem Ort, wenn er verschwindet? Was bleibt von uns, wenn der Boden unter unseren F\u00fc\u00dfen wegbricht? KEYENBERG 3\" steht am Rand. Am Rand eines Abgrunds, am Rand einer Entscheidung, am Rand zwischen dem, was war, und dem, was noch werden k\u00f6nnte. Ausgehend von der realen Umsiedlungsgeschichte des Dorfes Keyenberg in der N\u00e4he der Abbruchkante Tagebau Garzweiler entwickelt das Performance-Label ANALOG eine poetisch-politische Erkundung von Verlust, Identit\u00e4t und der Sehnsucht nach Heimat einem Begriff, der so viel verspricht, wie er verschweigt. Die Veranstaltung wird vom Kulturamt der Stadt K\u00f6ln gef\u00f6rdert.<\/p><p><b>Termine:<\/b><\/p><p>10. September 2026, 20 Uhr Premiere<\/p><p>11. September 2026, 20 Uhr<\/p><p>12. September 2026, 20 Uhr<\/p><p>13. September 2026, 18 Uhr<\/p><p>14. September 2026, 20 Uhr<\/p><p>Tanzfaktur K\u00f6ln Siegburger Str. 233w K\u00f6ln-Deutz<\/p><p>Weitere Informationen: <a title=\"https:\/\/analogtheater.de\/wir\/2026-keyenberg-3\/\" href=\"https:\/\/analogtheater.de\/wir\/2026-keyenberg-3\/\">https:\/\/analogtheater.de\/wir\/2026-keyenberg-3\/ <\/a><b> <\/b><\/p><p> <\/p><h2><b>Hands off - eine interaktive Ausstellung vom Kollektiv Der kleine Container<\/b><\/h2><p>Eine feministische Perspektive auf Ber\u00fchrung, Freiheit und Rausch.<\/p><p>Der kleine Container fragt: Was bedeutet feiern gehen f\u00fcr dich? Wie bewegst du dich im \u00f6ffentlichen Raum? Wie sicher f\u00fchlst du dich? Werde Teil der interaktiven Ausstellung! Wir laden dich ein: zu zuh\u00f6ren, hinzuschauen, mitzureden, klarzustellen und loszuziehen... Einmal t\u00e4glich wird die Ausstellung zum Happening: Die DJ trifft auf unser Party-Maskottchen Die Hand\" (Hierf\u00fcr bitte das Kombi Ticket kaufen). Die Veranstaltung wird vom Kulturamt der Stadt K\u00f6ln gef\u00f6rdert.<\/p><p><b>Termine: 11. bis 13. September 2026<\/b><\/p><p>Auf dem Schillplatz K\u00f6ln-Nippes<\/p><p>Weitere Informationen: <a title=\"https:\/\/rausgegangen.de\/events\/handsoff\/\" href=\"https:\/\/rausgegangen.de\/events\/handsoff\/\">https:\/\/rausgegangen.de\/events\/handsoff\/<\/a><\/p><p> <\/p><h2><b>Robodonien<\/b><\/h2><p>Zwischen abstrakten Kunstinstallationen und urbanem Industrieflair finden regelm\u00e4\u00dfig Konzerte, Ausstellungen, Open-Air-Kinovorf\u00fchrungen, Kunstm\u00e4rkte und Comedy-Abende statt, die Odonien zu einem Ort f\u00fcr Begegnungen und Erlebnisse machen. Die Veranstaltung wird vom Kulturamt der Stadt K\u00f6ln gef\u00f6rdert.<\/p><p><b>Termine: 11. bis 13. September 2026<\/b><\/p><p>Odonien<br>Hornstr. 85<br>K\u00f6ln-Ehrenfeld<\/p><p> <\/p><h2><b>\"Trashedy\" von p<span class=\"sprache\" lang=\"en\" xml:lang=\"en\">erforming<\/span>:group (Tanztheater)<\/b><\/h2><p>\"Trashedy\" richtet sich an Kinder, Jugendliche und Erwachsene und thematisiert Konsum, Demokratie und pers\u00f6nliche Verantwortung auf humorvolle Weise und ohne erhobenen Zeigefinger. Im Mittelpunkt des St\u00fccks steht die Frage, wie stark unser Alltag die Umwelt beeinflusst. Zwei Darstellende untersuchen auf der B\u00fchne, wie Konsum entsteht und welche Folgen er hat. Das St\u00fcck arbeitet mit Tanz, physical Theatre, animierten Zeichnungen und Musik. Schritt f\u00fcr Schritt w\u00e4chst ein M\u00fcllberg. So wird sichtbar, wie viele Entscheidungen Menschen t\u00e4glich treffen und welche Auswirkungen diese haben.<\/p><p>Seit der Urauff\u00fchrung im Jahr 2012 ist das K\u00f6lner Ensemble performing:group mit \"Trashedy\" weltweit auf Tour. Die Physical Theatre Performance war unter anderem schon in Indien, Japan, Island, Frankreich, den Niederlanden, Italien, Ungarn, Liechtenstein, Luxemburg, Kroatien, Argentinien, S\u00fcdkorea und China zu sehen. Im September 2026 findet die Feier der 250. Vorstellung in K\u00f6ln statt. Die Veranstaltung wird vom Kulturamt der Stadt K\u00f6ln gef\u00f6rdert.<\/p><p><b>Termine:<\/b><\/p><p>Freitag, 11. September 2026, 11 Uhr<br>Samstag, 12. September 2026, 18 Uhr, anschlie\u00dfend Party<br>Ehrenfeldstudios<br>Wi\u00dfmannstra\u00dfe 38<br>K\u00f6ln-Ehrenfeld<\/p><p>Weitere Informationen: <a title=\"https:\/\/www.ehrenfeldstudios.de\/\" href=\"https:\/\/www.ehrenfeldstudios.de\/\">https:\/\/www.ehrenfeldstudios.de\/<\/a><\/p><p> <\/p><h2><b>Afrika Film Festival K\u00f6ln<\/b><\/h2><p>Zum 23. Mal findet das Afrika Film Festival K\u00f6ln statt, eine der gr\u00f6\u00dften und bedeutendsten Plattformen f\u00fcr das afrikanische Kino in Europa. Die Filme der diesj\u00e4hrigen Ausgabe erz\u00e4hlen von Verlust, Vertreibung und Linderung, aber vor allem davon, wie Menschen trotzdem Wege finden, weiterzuleben. Heilung bildet das Herzst\u00fcck dieser Festivalausgabe: nicht als gl\u00fcckliches Ende, sondern als oft widerspr\u00fcchlicher Prozess, der Mut, Gemeinschaft und Erinnerung braucht. Das Festival wird vom Kulturamt der Stadt K\u00f6ln gef\u00f6rdert.<\/p><p><b>Termine: 17. bis 27. September 2026<br><\/b><\/p><p>Filmforum NRW<\/p><p>Lichtspiele Kalk, Rex Kino, u.a.<\/p><p>Weitere Informationen: <a title=\"https:\/\/afrikafilmfestivalkoeln.de\/start\" href=\"https:\/\/afrikafilmfestivalkoeln.de\/start\">https:\/\/afrikafilmfestivalkoeln.de<\/a><\/p><p> <\/p><h2><b>RECHARGE Eine Solo von Antje Velsinger \/ new trouble (Tanz)<\/b><\/h2><p>Marie ist ersch\u00f6pft. Aber noch nicht fertig. Sie steht an einem Ort, an dem viele von uns vorbeikommen: kurz bevor alles zu viel wird. Dort, wo das System l\u00e4ngst beschlossen hat, dass Energie etwas ist, das wir gef\u00e4lligst selbst herstellen. Mehr Leistung. Mehr Leidenschaft. Mehr Einsatz. Pausen sp\u00e4ter. Doch was w\u00e4re, wenn es einen anderen Ausgang g\u00e4be? Einen Moment, in dem man selbst entscheidet, was genug ist. Die Veranstaltung wird vom Kulturamt der Stadt K\u00f6ln gef\u00f6rdert.<\/p><p><b>Termine:<br><\/b>18. September 2026, 11 Uhr<br>18. September 2026, 19 Uhr PREMIERE<br>19. September 2026, 19 Uhr<\/p><p>Tanzfaktur K\u00f6ln<br>Siegburger Str. 233 w<br>K\u00f6ln-Deutz<\/p><p>Weitere Informationen: <a title=\"https:\/\/antjevelsinger.com\/produktionen\/recharge\/\" href=\"https:\/\/antjevelsinger.com\/produktionen\/recharge\/\">https:\/\/antjevelsinger.com\/produktionen\/recharge\/ <\/a><\/p><p> <\/p><h2><b>Between <span class=\"sprache\" lang=\"en\" xml:lang=\"en\">Borders<\/span>, Eine Gruppenausstellung \u00fcber unsichtbare Grenzen in der Kunst<\/b><\/h2><p>Vierzehn K\u00fcnstler*innen befassen sich mit unsichtbaren Grenzen, die keine Landkarte verzeichnet. Gemeint sind Trennlinien in Sprache und Herkunft, die im Alltag sp\u00fcrbar werden und sich der unmittelbaren Sichtbarkeit entziehen.<\/p><p>Die versammelten Arbeiten fragen, wo solche Grenzen entstehen und an welchen Stellen sie sich verschieben lassen. Die beteiligten Positionen kommen aus unterschiedlichen geografischen und biografischen Zusammenh\u00e4ngen. Between <span class=\"sprache\" lang=\"en\" xml:lang=\"en\">Borders<\/span> macht Mechanismen von Zugeh\u00f6rigkeit und Ausschluss erfahrbar und verhandelt dabei, wie die verschiedenen K\u00fcnste selbst von Dynamiken der Entgrenzung gekennzeichnet sind.<\/p><p>Lesung: Dienstag, 6. Oktober 2026, um 18 Uhr Unsichtbare Mauern\" mit dem Autor Musa Deli; Katalogpr\u00e4sentation: Samstag, 10. Oktober 2026, 14 bis 18 Uhr<\/p><p>Finissage: Sonntag, 11. Oktober 2026, 14 bis 18 Uhr mit dem K\u00fcnstler Elias von Martial; Gef\u00fchrte Rundg\u00e4nge nach Absprache an: <a title=\"leila.cheraghi@co3art.com\" href=\"mailto:leila.cheraghi@co3art.com\">leila.cheraghi@co3art.com<\/a>. Die Veranstaltung wird vom Kulturamt der Stadt K\u00f6ln gef\u00f6rdert.<\/p><p><b>Termine:<\/b><\/p><p>Er\u00f6ffnung: 25. September 2026, 18 Uhr<br>Ausstellung: 25. September bis 11. Oktober 2026, \u00d6ffnungszeiten: Samstag und Sonntag 14 bis 18 Uhr<\/p><p>Kunsthafen, Kunsthaus Rhenania<br>Bayenstr. 28<br>50678 K\u00f6ln<\/p><p>Weitere Informationen: <a title=\"https:\/\/co3art.com\/exhibitions-events\/between-borders\/\" href=\"https:\/\/co3art.com\/exhibitions-events\/between-borders\/\">https:\/\/co3art.com\/exhibitions-events\/between-borders\/<\/a><\/p><h2><b><abbr lang=\"de\" title=\"K\u00f6lner Gedenkst\u00e4tte f\u00fcr die Opfer des Nationalsozialismus sowie Museum, Lernort und Forschungsst\u00e4tte\" xml:lang=\"de\">NS<\/abbr>-Dokumentationszentrum<\/b><\/h2><p><abbr lang=\"de\" title=\"K\u00f6lner Gedenkst\u00e4tte f\u00fcr die Opfer des Nationalsozialismus sowie Museum, Lernort und Forschungsst\u00e4tte\" xml:lang=\"de\">NS-Dokumentationszentrum<\/abbr><br>Appellhofplatz 23-25<br>K\u00f6ln-Innenstadt<\/p><p><b>Donnerstag, 3. September 2026, 18 Uhr<\/b><\/p><h3><b>Franco muss vergessen werden. 90 Jahre nach dem Spanischen Burgerkrieg<\/b><\/h3><p>Thomas St\u00f6lting erinnert an den Spanischen B\u00fcrgerkrieg und behandelt die Ursachen, seinen Verlauf und wie er bis heute (nicht) erinnert wird. Dabei macht er deutlich: Hitler Deutschland erm\u00f6glichte diesen Krieg erst. Bewusst richtet der Autor den Blick auf die innere Logik der spanischen Gesellschaft, ihre Br\u00fcche, ihre Schuldverh\u00e4ltnisse und verschleppten Konflikte. St\u00f6lting zeichnet nach, wer die Gewalt forcierte und strategisch vorantrieb. Er beschreibt zudem, warum eine historisch-kritische Aufarbeitung unverzichtbar ist und wie sie gelingen kann. Anmeldung unter <a title=\"https:\/\/nsdok.de\/veranstaltungen\" href=\"https:\/\/nsdok.de\/veranstaltungen\">nsdok.de\/veranstaltungen<\/a><\/p><p> <\/p><p><b>6. September 2026, jeweils 14.30, 15.30, 16.30, 17.30 Uhr<\/b><\/p><h3><b>Konzert: Fuga Neue Musik f\u00fcr Fl\u00f6te und Electronics<\/b><\/h3><p>\"fuga\" ist eine Komposition f\u00fcr Fl\u00f6te und Mehrkanal-Elektronik. Das St\u00fcck basiert auf umfangreichen Archivrecherchen: Im Zentrum stehen Tonaufnahmen, die Brigitte Schiffer, eine j\u00fcdisch-deutsche Komponistin, in den 1930er-Jahren in \u00c4gypten anfertigte. In \"fuga\" reagiert der Fl\u00f6tist Roy Amotz auf die Archivaufnahmen, und gemeinsam mit der K\u00fcnstlerin Netta Weiser (Electronics) schaffen sie eine zeitgen\u00f6ssische, sinnliche Resonanz. Das Werk reflektiert die Zirkularit\u00e4t der Zeit: von Leben und Tod, von Kunst, die in Zeiten von Krieg und Exil entsteht. Der Eintritt ist frei. Eine Veranstaltung im Rahmen von Shalom Musik Koeln Anmeldung und weitere Informationen unter <a title=\"www.shalommusik.koeln\" href=\"http:\/\/www.shalommusik.koeln\">www.shalommusik.koeln<\/a><\/p><p> <\/p><p><b>Montag, 14. September 2026, 15 Uhr<\/b><\/p><h3><b>Vor- und Nachbereitung von Gedenkst\u00e4ttenbesuchen (<span class=\"sprache\" lang=\"en\" xml:lang=\"en\">Online<\/span>-Veranstaltung)<\/b><\/h3><p>Schulen machen den Gro\u00dfteil der Gruppen in den Bildungs- und Vermittlungsangeboten des <abbr lang=\"de\" title=\"K\u00f6lner Gedenkst\u00e4tte f\u00fcr die Opfer des Nationalsozialismus sowie Museum, Lernort und Forschungsst\u00e4tte\" xml:lang=\"de\">NS-DOK<\/abbr> aus. Ebenso vielf\u00e4ltig wie die Teilnehmenden ist der Kontext ihres Besuchs: Klassenfahrten, Ausfl\u00fcge oder Projektkurse kommen mit jeweils eigenen Perspektiven ins EL-DE-Haus. Wie kann man die jeweiligen Lernerfahrungen verbessern? <abbr lang=\"de\" title=\"Doktor\" xml:lang=\"de\">Dr.<\/abbr> Dirk Luka\u00dfen (<abbr lang=\"de\" title=\"K\u00f6lner Gedenkst\u00e4tte f\u00fcr die Opfer des Nationalsozialismus sowie Museum, Lernort und Forschungsst\u00e4tte\" xml:lang=\"de\">NS-DOK<\/abbr>) und Andreas Weinhold (<abbr lang=\"de\" title=\"Landschaftsverband Rheinland\" xml:lang=\"de\">LVR<\/abbr>-Bildungspartner) diskutieren mit den Teilnehmenden die Bedarfe und stellen mit BipaLap.NRW ein Angebot vor. Anmeldung unter <a title=\"https:\/\/nsdok.de\/veranstaltungen\" href=\"https:\/\/nsdok.de\/veranstaltungen\">nsdok.de\/veranstaltungen<\/a><\/p><p> <\/p><p><b>Donnerstag, 17. September, 18 Uhr<\/b><\/p><h3><b>Buchvorstellung: Der Anlass: Familiengeheimnisse hinterfragen<\/b><\/h3><p>Ein blinder Fleck. Der steht oft zu Beginn einer Familienrecherche. So war es auch bei der Spiegel-Journalistin Susanne Beyer. \u00dcber ihren Gro\u00dfvater wussten die Familienerz\u00e4hlungen nur Gutes. Doch als Chemiker bei der IG Farben war er in die nationalsozialistische Kriegswirtschaft verwickelt, wurde dann kurz vor Kriegsende auf ungekl\u00e4rte Weise erschossen. Warum? In ihrem Buch \"Kornblumenblau\" erz\u00e4hlt die Journalistin nicht nur von ihrer eigenen Spurensuche, sondern auch von den Auswirkungen der Familiengeheimnisse auf die Gegenwart. Moderation: Melanie Longerich (<abbr lang=\"de\" title=\"K\u00f6lner Gedenkst\u00e4tte f\u00fcr die Opfer des Nationalsozialismus sowie Museum, Lernort und Forschungsst\u00e4tte\" xml:lang=\"de\">NS-DOK<\/abbr>). Anmeldung unter <a title=\"https:\/\/nsdok.de\/veranstaltungen\" href=\"https:\/\/nsdok.de\/veranstaltungen\">nsdok.de\/veranstaltungen<\/a><\/p><p> <\/p><p><b>Donnerstag, 24. September 2026, 18 Uhr<\/b><\/p><h3><b>Informationen und Gespr\u00e4che: Der rechtsterroristische \"Wehrhahn-Anschlag\" in D\u00fcsseldorf vor 26 Jahren<\/b><\/h3><p>Am 27. Juli 2000 detonierte eine Bombe an einem S-Bahnhof in D\u00fcsseldorf. Zehn Menschen wurden teilweise schwer verletzt, ein ungeborenes Baby wurde im Bauch seiner Mutter get\u00f6tet. Bei der angegriffenen Gruppe handelte es sich um osteurop\u00e4ische Migrant*innen, einige von ihnen waren j\u00fcdisch. Erst 2018 kam es zu einem Prozess gegen einen Neonazi, der aber freigesprochen wurde. Bis heute ist die Tat nicht aufgekl\u00e4rt. In einer Gespr\u00e4chsrunde diskutieren Autor*innen des Sammelbandes \"Und damit kam die Angst \", moderiert von Sabine Reimann (Hochschule D\u00fcsseldorf). <br>Anmeldung unter <a title=\"https:\/\/nsdok.de\/veranstaltungen\" href=\"https:\/\/nsdok.de\/veranstaltungen\">nsdok.de\/veranstaltungen<\/a><\/p><p> <\/p><p><b>Dienstag, 29. September 2026, 18 Uhr<br><\/b><\/p><h3><b>Offen gefragt: Welche Bedeutung hat Erinnerungskultur f\u00fcr eine Demokratie, die unter Druck steht?<\/b><\/h3><p>Infolge der Landtagswahlen in ostdeutschen Bundesl\u00e4ndern drohen im September 2026 starke politische Verwerfungen, nicht zuletzt f\u00fcr die Erinnerungskultur. Aber auch in Westdeutschland steht die Demokratie unter Druck. In seinem neuen Gespr\u00e4chsformat diskutiert Sven Lehmann MdB (Vorsitzender des Kulturausschusses des Deutschen Bundestags) mit <abbr lang=\"de\" title=\"Doktor\" xml:lang=\"de\">Dr.<\/abbr> Kai Langer (Stiftung Gedenkst\u00e4tten Sachsen-Anhalt) und <abbr lang=\"de\" title=\"Doktor\" xml:lang=\"de\">Dr.<\/abbr> Henning Borggr\u00e4fe (<abbr lang=\"de\" title=\"K\u00f6lner Gedenkst\u00e4tte f\u00fcr die Opfer des Nationalsozialismus sowie Museum, Lernort und Forschungsst\u00e4tte\" xml:lang=\"de\">NS-DOK<\/abbr>) \u00fcber die Bedeutung der Erinnerungskultur im Umgang mit Rechtsextremismus und aktuellen demokratischen Herausforderungen. Anmeldung unter <a title=\"https:\/\/nsdok.de\/veranstaltungen\" href=\"https:\/\/nsdok.de\/veranstaltungen\">nsdok.de\/veranstaltungen<\/a><\/p><p> <\/p><h2><b>Interim Zentralbibliothek<\/b><\/h2><p>Interim Zentralbibliothek<br>Hohe Stra\u00dfe 68-82<br>K\u00f6ln-Innenstadt<\/p><p><b>Dienstag<\/b><b>, 1. September 2026, 19 Uhr<br><\/b><\/p><h3><b>Die Wohnkrise: Wie sie Demokratie und Zusammenhalt bedroht<\/b><\/h3><p>Die Autoren Sebastian Kurtenbach und Rolf G. Heinze im Gespr\u00e4ch: Wohnen ist zur Schicksalsfrage geworden. Was als Problem in den Metropolen begann, ist l\u00e4ngst \u00fcberall zur wichtigsten gesellschaftlichen Krise herangewachsen, die alle Schichten betrifft, den wirtschaftlichen Wandel blockiert und die soziale Schere immer weiter \u00f6ffnet.<\/p><p><a title=\"https:\/\/www.stadt-koeln.de\/leben-in-koeln\/veranstaltungen\/daten\/40799\/index.html\" href=\"https:\/\/www.stadt-koeln.de\/leben-in-koeln\/veranstaltungen\/daten\/40799\/index.html\">https:\/\/www.stadt-koeln.de\/leben-in-koeln\/veranstaltungen\/daten\/40798\/index.html<\/a><\/p><p> <\/p><p><b>Dienstag<\/b><b>, 8. September 2026, 19 Uhr<br><\/b><\/p><h3><b>Die Emp\u00f6rungsfalle: Wie wir wieder streiten lernen<\/b><\/h3><p>Saba-Nur Cheema und Meron Mendel im Gespr\u00e4ch: Wie immer neue Emp\u00f6rung entsteht, wem sie nutzt und wie wir ihr entkommen. Unsere Zeit ist gepr\u00e4gt von permanenter Aufgeregtheit und reflexhafter Emp\u00f6rung. Statt sachlichem Austausch dominieren verh\u00e4rtete Fronten und ideologische Echokammern, wodurch der \u00f6ffentliche Diskurs seine demokratische Funktion verliert.<\/p><p><a title=\"https:\/\/www.stadt-koeln.de\/leben-in-koeln\/veranstaltungen\/daten\/40799\/index.html\" href=\"https:\/\/www.stadt-koeln.de\/leben-in-koeln\/veranstaltungen\/daten\/40799\/index.html\">https:\/\/www.stadt-koeln.de\/leben-in-koeln\/veranstaltungen\/daten\/40799\/index.html<\/a><\/p><p> <\/p><p><b>Donnerstag<\/b><b>, 10. September 2026, 19 Uhr<\/b><\/p><h3><b>Was uns verbindet: Gedichte aus den Partnerst\u00e4dten Cork und K\u00f6ln<\/b><\/h3><p>Buchvorstellung mit irischen und deutschen Autor*innen. Mit musikalischer Begleitung. Gru\u00dfw\u00f6rter von B\u00fcrgermeisterin Teresa de Bellis-Olinger, der Vorsitzenden der St\u00e4dtepartnerschaft K\u00f6ln-Cork, Lydia Schneider-Benjamin, sowie die Projektleitung Sue Fiessler. Zwanzig Dichter*innen haben sich in Tandems zusammengeschlossen, es entstanden Dialoge, Vertrauen und kreative Verbindungen, die \u00fcber Sprach- und Stadtgrenzen hinausreichen. Die Ergebnisse dieser konstruktiven Zusammenarbeit zeigen sich in dem Buch \"Verbindungen\/<span class=\"sprache\" lang=\"en\" xml:lang=\"en\">Connections<\/span>\", das an diesem Abend vorgestellt wird. <a title=\"https:\/\/www.stadt-koeln.de\/leben-in-koeln\/veranstaltungen\/daten\/40894\/index.html\" href=\"https:\/\/www.stadt-koeln.de\/leben-in-koeln\/veranstaltungen\/daten\/40894\/index.html\">https:\/\/www.stadt-koeln.de\/leben-in-koeln\/veranstaltungen\/daten\/40894\/index.html<\/a><\/p><p> <\/p><p><b>Samstag, 26. September 2026, 16 Uhr<\/b><\/p><h3><b>Claudia Kemfert: Kurzschluss<\/b><\/h3><p>Die Autorin im Gespr\u00e4ch mit Marija Bakker: Wie wir unsere Energiezukunft verspielen. \"Heizungshammer\", \"Verbotskultur\", \"Dunkelflaute\" die Energiewende zerrei\u00dft Familien und Freundeskreise, spaltet Gesellschaft und Wirtschaft. Wie lange bleibt unsere Zukunft noch planbar? Was wird aus meinem Eigenheim, wenn die n\u00e4chste Krise kommt? Wer wird am Ende wirklich zahlen m\u00fcssen? Rast Deutschland sehenden Auges in den Abgrund? Die Veranstaltung ist Teil des Klimafestivals K\u00f6ln 2026. Weitere Informationen: <a title=\"https:\/\/www.stadt-koeln.de\/leben-in-koeln\/veranstaltungen\/daten\/40893\/index.html\" href=\"https:\/\/www.stadt-koeln.de\/leben-in-koeln\/veranstaltungen\/daten\/40893\/index.html\">https:\/\/www.stadt-koeln.de\/leben-in-koeln\/veranstaltungen\/daten\/40893\/index.html<\/a><\/p><p> <\/p><h3><b>Mittwoch, 30. September 2026, 17.30 Uhr, im Interim Zentralbibliothek (<\/b><b>ab 20 Uhr in der Philharmonie K\u00f6ln<\/b> <b> Impuls Plus: Streichquartett im Fokus)<\/b><\/h3><p>Bei einem Einf\u00fchrungsgespr\u00e4ch vor dem Konzertbesuch erfahren Sie tiefere oder ganz neue Einblicke in die Werke des Konzertabends. Hintergrundgeschichten, wissenswerte Aspekte und interaktive Elemente stimmen auf das Konzert ein. Das \"vision string quartet\" m\u00f6chte f\u00fcr die Gattung Streichquartett ein Zukunftsbild im Jetzt entwerfen. Der Ansatz ist ebenso aufregend wie erfolgreich. So wird ein junges Quartett zur modernen Band. Die Veranstaltung findet in Kooperation mit der K\u00f6lner Philharmonie (K\u00f6lnMusik) statt und wird gef\u00f6rdert vom Kuratorium K\u00f6lnMusik <abbr lang=\"de\" title=\"eingetragener Verein\" xml:lang=\"de\">e. V.<\/abbr> <a title=\"https:\/\/www.stadt-koeln.de\/leben-in-koeln\/veranstaltungen\/daten\/39485\/index.html\" href=\"https:\/\/www.stadt-koeln.de\/leben-in-koeln\/veranstaltungen\/daten\/39485\/index.html\">https:\/\/www.stadt-koeln.de\/leben-in-koeln\/veranstaltungen\/daten\/39485\/index.html<\/a><\/p><p> <\/p><h2><b>Rautenstrauch-Joest-Museum<\/b><\/h2><p>Rautenstrauch-Joest-Museum Kulturen der Welt<br>C\u00e4cilienstra\u00dfe 29-33<br>K\u00f6ln-Innenstadt<\/p><p><b>3. September 2026, 18 und 20 Uhr<\/b><\/p><h3><b>Workshop f\u00fcr Erwachsene \"Klimabedingte Migration Klimagerechtigkeit und indigene Lebensr\u00e4ume\"<\/b><\/h3><p>Durch die klimatischen Ver\u00e4nderungen sind weltweit immer mehr Menschen gezwungen, ihre Heimat zu verlassen. Indigene Gemeinschaften geh\u00f6ren aufgrund ihrer oft unmittelbaren Verbindung zur Natur zu den Ersten, die die Folgen des Klimawandels zu sp\u00fcren bekommen. Im Rahmen des Workshops wird unter anderem \u00fcber die Verantwortung der globalen Gemeinschaft diskutiert. Weitere Informationen: <a title=\"https:\/\/rautenstrauch-joest-museum.de\/Veranstaltungskalender\" href=\"https:\/\/rautenstrauch-joest-museum.de\/Veranstaltungskalender\">Rautenstrauch-Joest-Museum K\u00f6ln | Veranstaltungskalender<\/a><\/p><p> <\/p><p><b>16. September 2026, 19 Uhr<\/b><\/p><h3><b>Er\u00f6ffnung der Sonderausstellung \"r e t u r n Zwischen Vergangenheit und Zukunft entsteht ein anderer Ort\"<\/b><\/h3><p>Zahlreiche K\u00fcnstler*innen und Communities er\u00f6ffnen in \"r e t u r n\" neue Perspektiven auf Erinnerung, Entwurzelung, Zugeh\u00f6rigkeit und Zukunft. Mit Videoarbeiten, Installationen, Performances und partizipativen Formaten entsteht im Rahmen der Ausstellung ein vielf\u00e4ltiger Erfahrungsraum. Zum Er\u00f6ffnungsabend sind die Besucher*innen eingeladen, eine Performance der iranischen K\u00fcnstlerin Farkhondeh Shahroudi zu erleben. Anschlie\u00dfend \u00f6ffnen sich die verschiedenen Ausstellungsr\u00e4ume und partizipativen Formate. In der Home Food Kantine Baraza von In-Haus <abbr lang=\"de\" title=\"eingetragener Verein\" xml:lang=\"de\">e. V.<\/abbr> gibt es Getr\u00e4nke und etwas zu essen, w\u00e4hrend die Werkstatt r e t u r n aktiviert wird. Zahlreiche Hosts begleiten die Besucher*innen durch den Abend. Der Eintritt ist frei. Informationen und Programm: <a title=\"https:\/\/r-e-t-u-r-n.net\/en\" href=\"https:\/\/r-e-t-u-r-n.net\/en\">r-e-t-u-r-n.net<\/a><\/p><p> <\/p><p><b>18. September 2026, 17 Uhr<br><\/b><\/p><h3><b>Kurator*innenf\u00fchrung durch die Sonderausstellung \"r e t u r n\"<\/b><\/h3><p>Die Kuratorin der Ausstellung, Nanette Snoep, k\u00fcnstlerische Direktorin des RJM, und der Co-Kurator und Szenograf Marius F\u00f6rster f\u00fchren durch die Sonderausstellung \"r e t u r n\". Dabei laden sie dazu ein, die partizipativen R\u00e4ume der Ausstellung zu entdecken, und geben Einblicke in die kreativen Arbeiten der K\u00fcnstler*innen und ihre unterschiedlichen Positionen. Die Teilnehmenden haben die M\u00f6glichkeit, Fragen zu stellen und mit den Kurator*innen ins Gespr\u00e4ch zu kommen. Die F\u00fchrung findet in deutscher Sprache statt.<\/p><p>Weitere Informationen: <a title=\"https:\/\/rautenstrauch-joest-museum.de\/Veranstaltungskalender\" href=\"https:\/\/rautenstrauch-joest-museum.de\/Veranstaltungskalender\">Rautenstrauch-Joest-Museum K\u00f6ln | Veranstaltungskalender<\/a><\/p><p> <\/p><p><b>19. September 2026, 16 Uhr<\/b><\/p><h3><b>Kintsugi-Schnupperkurs f\u00fcr Erwachsene \"Br\u00fcche ehren\"<\/b><\/h3><p>Kintsugi ist eine traditionelle japanische Reparaturkunst, bei der Scherben mit Urushi-Lack wieder zusammengesetzt und die Risse anschlie\u00dfend mit Goldpulver hervorgehoben werden. Im Rahmen des Workshops erl\u00e4utern die Referentinnen die Kintsugi-Technik und ihre Philosophie, w\u00e4hrend beim gemeinsamen Arbeiten mit den H\u00e4nden Raum f\u00fcr Austausch und neue Verbindungen entsteht. Br\u00fcche ehren\" ist einer von drei Kintsugi-Workshop-Terminen. Weitere Termine: 17. Oktober und 21. November 2026. Informationen und Anmeldung: <a title=\"https:\/\/rautenstrauch-joest-museum.de\/Veranstaltungskalender\" href=\"https:\/\/rautenstrauch-joest-museum.de\/Veranstaltungskalender\">Rautenstrauch-Joest-Museum K\u00f6ln | Veranstaltungskalender<\/a><\/p><p> <\/p><p><b>27. September 2026, 14 Uhr<\/b><\/p><h3><b>Workshop \"Flechten verbindet\"<\/b><\/h3><p>Unter Anleitung probieren die Teilnehmenden verschiedene Flechttechniken. Inspiriert von Objekten der Museumssammlung und der eigenen Kreativit\u00e4t k\u00f6nnen individuelle St\u00fccke gestaltet oder am gro\u00dfen kollektiven Flechtwerk mitgewirkt werden, das Teil der Ausstellung wird. F\u00fcr Erwachsene und Kinder ab zehn Jahren. Informationen und Anmeldung: <a title=\"https:\/\/rautenstrauch-joest-museum.de\/Veranstaltungskalender\" href=\"https:\/\/rautenstrauch-joest-museum.de\/Veranstaltungskalender\">Rautenstrauch-Joest-Museum K\u00f6ln | Veranstaltungskalender<\/a><\/p>","timestamp":"2026-08-20 16:33:25","title_de":"Kulturtermine des Monats September 2026","untertitle":"","url":"\/politik-und-verwaltung\/presse\/mitteilungen\/28603\/index.html"},{"id":"38795","directory":"\/politik-und-verwaltung\/presse\/mitteilungen\/28602","presse_jahr":"2026","presse_monat":"08","presse_tag":"18","presse_uhrzeit":"12:31","teaser_de":null,"textblock_9_0":"<p><b>Rollstuhlbasketball auf internationalem Spitzen<span class=\"sprache\" lang=\"fr\" xml:lang=\"fr\">niveau<\/span> in K\u00f6ln <br><\/b> <b><span class=\"sprache\" lang=\"en\" xml:lang=\"en\">Nations Cup Cologne<\/span> als Vorbereitungsturnier f\u00fcr die Weltmeisterschaft<\/b><\/p><p>Von <b>Donnerstag, 20. bis Sonntag, 23. August 2026<\/b>, wird K\u00f6ln Treffpunkt f\u00fcr Rollstuhlbasketball auf internationalem Spitzen<span class=\"sprache\" lang=\"fr\" xml:lang=\"fr\">niveau<\/span>. Wenige Wochen vor der Weltmeisterschaft in Ottawa (Kanada) treten beim <span class=\"sprache\" lang=\"en\" xml:lang=\"en\">Nations Cup Cologne<\/span>, der vom RBC K\u00f6ln 99ers ausgerichtet wird, einige der besten <span class=\"sprache\" lang=\"en\" xml:lang=\"en\">Teams<\/span> der Welt in der Sporthalle Bergischer Ring, Bergischer Ring 40, K\u00f6ln-M\u00fclheim, gegeneinander an. In diesem Jahr wird auch jeweils wieder ein Turnier f\u00fcr M\u00e4nner- und Frauen<span class=\"sprache\" lang=\"en\" xml:lang=\"en\">teams<\/span> ausgetragen.<\/p><p>Die K\u00f6lner*innen Lisa Bergenthal, Thomas Reier und Alexander Keiser, alle Spieler*innen des RBC K\u00f6ln 99ers, treten f\u00fcr die deutsche Rollstuhlbasketball-Nationalmannschaft an. Oberb\u00fcrgermeister Torsten Burmester ist Schirmherr der Veranstaltung.<\/p><p>Bei den Frauen ist mit Kanada, Gro\u00dfbritannien und den mehrfachen Welt- und Europameisterinnen aus den Niederlanden die Weltspitze im Rollstuhlbasketball vertreten. Bei den M\u00e4nnern sind neben Deutschland und Kanada der aktuelle Europameister Spanien und der amtierende Weltmeister Gro\u00dfbritannien auf dem Parkett mit dabei.<\/p><p>Die Turniere beginnen bereits am Donnerstag, 20. August 2026, 10 Uhr. Die Finalspiele der Frauen und M\u00e4nner werden am Sonntag, 23. August 2026, ab 14 Uhr, ausgetragen. Die Siegerehrung ist f\u00fcr 18.15 Uhr vorgesehen.<\/p><p>Der <span class=\"sprache\" lang=\"en\" xml:lang=\"en\">Nations Cup Cologne<\/span> repr\u00e4sentiert als hochklassiges Event aus dem Para Sport die Vielfalt des K\u00f6lner Sportjahres. Mehr Informationen sind abrufbar unter: <a title=\"https:\/\/www.stadt-koeln.de\/artikel\/08239\/index.html\" href=\"https:\/\/www.stadt-koeln.de\/artikel\/08239\/index.html\">www.koelner-sportjahr.de<\/a><\/p><p><strong><span class=\"sprache\" lang=\"en\" xml:lang=\"en\">Open-Air<\/span>-Konzert des K\u00fcnstlers \"BUNT.\"<\/strong><br><strong>Abschluss des Konzert-Sommers am F\u00fchlinger See<\/strong><\/p><p>Am <b>Samstag, 22. August 2026<\/b>, spielt der deutsche <span class=\"sprache\" lang=\"en\" xml:lang=\"en\">DJ<\/span> und Musikproduzent \"BUNT.\" ein exklusives <span class=\"sprache\" lang=\"en\" xml:lang=\"en\">Open-Air<\/span>-Konzert am F\u00fchlinger See. Das Konzert beginnt um 20 Uhr und endet sp\u00e4testens um 22 Uhr. Nach dem <span class=\"sprache\" lang=\"en\" xml:lang=\"en\">Summerjam Festival<\/span> sowie weiteren Konzerten und dem eint\u00e4gigen <span class=\"sprache\" lang=\"en\" xml:lang=\"en\">Rainbow-Festival<\/span> bildet die Veranstaltung den Abschluss der diesj\u00e4hrigen Musikveranstaltungsreihe am F\u00fchlinger See.<\/p><p>Im Zusammenhang mit der Veranstaltung kommt es rund um die Sport- und Erholungsanlage F\u00fchlinger See zu Sperrungen und verkehrlichen Einschr\u00e4nkungen.<\/p><p><b>Sperrungen im Bereich F\u00fchlinger See<br><\/b>Die Ruderinsel der Sport- und Erholungsanlage F\u00fchlinger See ist von Mittwoch, 19. August, bis einschlie\u00dflich Dienstag, 25. August 2026, gesperrt. Am Veranstaltungstag, Samstag, 22. August 2026, wird die Oranjehofstra\u00dfe ab 8 Uhr gesperrt. Die Zufahrt wird entsprechend geregelt und ist im Veranstaltungsverkehr f\u00fcr Konzertbesucher*innen vorgesehen. Die Aufhebung der Sperrung der Oranjehofstra\u00dfe ist gegen 23.30 Uhr vorgesehen und kann abh\u00e4ngig vom tats\u00e4chlichen Verlauf der Abreise der Konzertbesucher*innen fr\u00fcher aufgehoben werden oder sich entsprechend verz\u00f6gern.<\/p><p><b>Anreise und Parkm\u00f6glichkeiten f\u00fcr Konzertbesucher*innen<br><\/b>F\u00fcr Konzertbesucher*innen stehen mehrere kostenpflichtige Parkpl\u00e4tze, darunter die Parkpl\u00e4tze P2 und P8, zur Verf\u00fcgung. Die Anfahrt zum Parkplatz P2 erfolgt \u00fcber K\u00f6ln-Nord und den Milit\u00e4rring. Der Parkplatz P8 kann \u00fcber K\u00f6ln-Niehl, die Industriestra\u00dfe und die Edsel-Ford-Stra\u00dfe angefahren werden. Um einen R\u00fcckstau auf der Industriestra\u00dfe zu vermeiden, wird f\u00fcr den von der Autobahn kommenden Verkehr die erste Ausfahrt von der Industriestra\u00dfe zur Edsel-Ford-Stra\u00dfe gesperrt. Die vorgesehene Zufahrt zur Edsel-Ford-Stra\u00dfe folgt wenige hundert Meter hinter dieser Sperrung. Ein Parksuchverkehr zwischen den Parkpl\u00e4tzen P2 und P8 wird durch entsprechende Sperrungen an den Parkplatzeinfahrten unterbunden. Dadurch findet auf der Oranjehofstra\u00dfe zwischen P2 und P8 kein motorisierter Individualverkehr statt. Weitere Parkm\u00f6glichkeiten bestehen auf den Parkpl\u00e4tzen P4 und P5. Zus\u00e4tzlich wird an der Edsel-Ford-Stra\u00dfe der Parkplatz \"Tor 54\" f\u00fcr Konzertbesucher*innen ge\u00f6ffnet. \u00dcber flexible Beschilderungen wird auf bereits ausgelastete Parkpl\u00e4tze hingewiesen und Besucher*innen werden zu alternativen Parkm\u00f6glichkeiten geleitet. Zus\u00e4tzlich wird am Parkplatz P3 f\u00fcr den Veranstaltungstag ein weiterer Bereich eingerichtet. Dieser kann f\u00fcr das kurzzeitige Bringen und Abholen von Konzertbesucher*innen genutzt werden, ein regul\u00e4res Parken ist dort im Rahmen der Veranstaltung nicht m\u00f6glich.<\/p><p><b>Hinweise f\u00fcr Erholungssuchende<br><\/b>Die Sport- und Erholungsanlage F\u00fchlinger See bleibt trotz der veranstaltungsbedingten Einschr\u00e4nkungen in weiten Teilen f\u00fcr Besucher*innen zug\u00e4nglich. Die Parkpl\u00e4tze P4 und P5 stehen auch Erholungssuchenden zur Verf\u00fcgung, die am Veranstaltungstag ebenfalls die f\u00fcr die Veranstaltung angesetzte Nutzungsgeb\u00fchr entrichten m\u00fcssen. Die Badestellen an See 1 und See 7 bleiben zug\u00e4nglich. Dar\u00fcber hinaus k\u00f6nnen die Bereiche rund um die Teilseen 2, 3, 4, 5, 6 und 7 weiterhin genutzt werden. Teilsee 6 ist \u00fcber die Bereiche der Parkpl\u00e4tze P4 und P5 erreichbar. Teilsee 7 kann \u00fcber den Parkplatz P7 erreicht werden.<\/p><p>Die genannten Parkpl\u00e4tze unterliegen am Veranstaltungstag dem entsprechend angesetzten Nutzungsentgelt, welches ausschlie\u00dflich digital bezahlt werden kann. Konzertbesucher*innen und Erholungssuchende werden gebeten, dies bereits bei der Anreise zu ber\u00fccksichtigen.<\/p>","timestamp":"2026-08-18 12:40:32","title_de":"Sportliche Termine der Woche","untertitle":null,"url":"\/politik-und-verwaltung\/presse\/mitteilungen\/28602\/index.html"},{"id":"38793","directory":"\/politik-und-verwaltung\/presse\/mitteilungen\/28601","presse_jahr":"2026","presse_monat":"08","presse_tag":"14","presse_uhrzeit":"14:03","teaser_de":null,"textblock_9_0":"<p><b>K\u00f6ln-Innenstadt: Mindestfahrbahnbreite in der Wei\u00dfenburgstra\u00dfe<\/b><\/p><p>Bei einer Feuerwehr-Testfahrt am Freitag, 7. August 2026, wurde festgestellt, dass parkende Fahrzeuge auf der Wei\u00dfenburgstra\u00dfe (zwischen Melchiorstra\u00dfe und Neusser Stra\u00dfe) die Durchfahrt, notwendige Wendeman\u00f6ver und den Einsatz gro\u00dfer Einsatzfahrzeuge erheblich erschweren oder unm\u00f6glich machen. Daher muss die Stadt K\u00f6ln das Parken auf der Fahrbahn in diesem Abschnitt teilweise untersagen. Grundlage ist \u00a7 12 <abbr lang=\"de\" title=\"Absatz\" xml:lang=\"de\">Abs.<\/abbr> 1 Nr. 1 <abbr lang=\"de\" title=\"Stra\u00dfenverkehrsordnung\" xml:lang=\"de\">StVO<\/abbr>, wonach das Halten und Parken an engen oder un\u00fcbersichtlichen Stra\u00dfenstellen verboten ist. Ab <b>Montag, 17. August 2026, <\/b>werden an den betroffenen Stellen auf einer Stra\u00dfenseite sowie im Bereich der erforderlichen Wendefahrten Haltverbotsschilder aufgestellt. Insgesamt sind 45 Parkpl\u00e4tze betroffen. Das sind aufgrund der Verbesserung der Wendem\u00f6glichkeiten f\u00fcnf Pl\u00e4tze mehr als in der urspr\u00fcnglichen Ank\u00fcndigung vom Mai 2025 vorgesehen. Gleichzeitig wird das Bewohnerparken im Agnesviertel I (AGN I) neu geordnet. Um den hohen Parkdruck zu verringern, plant die Stadt, deutlich mehr Stellpl\u00e4tze ausschlie\u00dflich f\u00fcr Anwohner*innen mit Bewohnerparkausweis zu reservieren.<\/p>","timestamp":"2026-08-14 14:10:25","title_de":"Baustellen in den Stadtteilen","untertitle":null,"url":"\/politik-und-verwaltung\/presse\/mitteilungen\/28601\/index.html"},{"id":"38791","directory":"\/politik-und-verwaltung\/presse\/mitteilungen\/28600","presse_jahr":"2026","presse_monat":"08","presse_tag":"14","presse_uhrzeit":"14:00","teaser_de":"Nach OVG-Entscheidung pr\u00fcft die Verwaltung M\u00f6glichkeiten des weiteren Vorgehens","textblock_9_0":"<p>Das Oberverwaltungsgericht f\u00fcr das Land Nordrhein-Westfalen hat am heutigen Freitag, 14. August 2026, die Normenkontrollantr\u00e4ge zweier anerkannter Umweltvereinigungen, die sich gegen den Bebauungsplan der Stadt K\u00f6ln f\u00fcr die Erweiterung des \"Rheinenergie Sportpark\" in K\u00f6ln-S\u00fclz richten, nach erneuter m\u00fcndlicher Verhandlung abgelehnt.<\/p><p>Die Verwaltung nimmt die Entscheidung des Oberverwaltungsgerichts Nordrhein-Westfalen zur Kenntnis und wird, sobald die schriftliche Begr\u00fcndung vorliegt, die M\u00f6glichkeiten des weiteren Vorgehens pr\u00fcfen.<\/p><p><b>Oberb\u00fcrgermeister Torsten Burmester:<\/b><\/p><blockquote><p>Unabh\u00e4ngig von diesem Verfahrensausgang hat sich die Verwaltung bereits auf den Weg gemacht, die Situation der Trainingspl\u00e4tze im Umfeld des Gei\u00dfbockheimes nachhaltig zu verbessern. In Umsetzung des Ratsbeschlusses zum werden in einem ersten Schritt zeitnah die letzten Fragestellungen gekl\u00e4rt werden, um die Baugenehmigung f\u00fcr die Umwandlung des Trainingsplatzes am Fort Deckstein in einen Kunstrasenplatz erteilen zu k\u00f6nnen.<\/p><\/blockquote>","timestamp":"2026-08-14 14:02:02","title_de":"Trainingspl\u00e4tze im Umfeld des Gei\u00dfbockheims","untertitle":"Nach OVG-Entscheidung pr\u00fcft die Verwaltung M\u00f6glichkeiten des weiteren Vorgehens","url":"\/politik-und-verwaltung\/presse\/mitteilungen\/28600\/index.html"},{"id":"38789","directory":"\/politik-und-verwaltung\/presse\/mitteilungen\/28599","presse_jahr":"2026","presse_monat":"08","presse_tag":"14","presse_uhrzeit":"13:26","teaser_de":null,"textblock_9_0":"<p><b>Beiratswahlen im B\u00fcrgerhaus Stollwerck<\/b><\/p><p>Das B\u00fcrgerhaus Stollwerck ist ein zentraler Ort der Begegnung und Kultur im Stadtbezirk Innenstadt. Am <b>1. Oktober 2026<\/b> findet die Wahl zum neuen Beirat statt. Als Mitglied des Beirats haben B\u00fcrger*innen die M\u00f6glichkeit, die Zukunft des Hauses aktiv mitzugestalten und sicherzustellen, dass die Angebote den W\u00fcnschen der Menschen in der K\u00f6lner Innenstadt entsprechen.<\/p><p>Gew\u00e4hlt werden neben Vertreter*innen von lokalen Vereinen und Organisationen sowie den im Rat der Stadt K\u00f6ln vertretenen politischen Parteien auch bis zu zehn Vertreter*innen der Besuchsgruppen aus nachfolgenden Altersgruppen:<\/p><ul><li>16 bis 20 Jahre<\/li><li>21 bis 40 Jahre<\/li><li>41 bis 59 Jahre<\/li><li>ab 60 Jahre<\/li><\/ul><p><b>Gebrauch vom aktiven Wahlrecht machen<\/b><\/p><p>W\u00e4hlen k\u00f6nnen B\u00fcrger*innen, die im Stadtbezirk Innenstadt wohnen. Die Wahl findet am <b>Donnerstag,<\/b> <b>1.Oktober 2026 zwischen 11 und 18 Uhr<\/b>, im Eingangsbereich des B\u00fcrgerhauses Stollwerck statt. B\u00fcrger*innen m\u00fcssen sich mit einem g\u00fcltigen Personalausweis ausweisen k\u00f6nnen, um an der Wahl teilnehmen zu k\u00f6nnen.<\/p><p><b>Gebrauch vom passiven Wahlrecht machen<\/b><\/p><p>Personen, die ihre Altersgruppe im Beirat vertreten m\u00f6chten, k\u00f6nnen sich als Kandidat*in aufstellen lassen. Wer kandidieren m\u00f6chte, muss im Stadtbezirk Innenstadt wohnen und muss 20 Unterst\u00fctzungsunterschriften von B\u00fcrger*innen aus dem Stadtbezirk einreichen. <b>Minderj\u00e4hrige Bewerber*innen<\/b> zwischen 16 und 18 Jahre ben\u00f6tigen f\u00fcr die Kandidatur zus\u00e4tzlich das schriftliche Einverst\u00e4ndnis der Erziehungsberechtigten. Die Bewerbung k\u00f6nnen Interessierte bis <b>Montag, 31. August 2026<\/b>, schriftlich im B\u00fcrgerhaus Stollwerck, Dreik\u00f6nigenstra\u00dfe 23, 50678 K\u00f6ln, einreichen.<\/p><p><b>Aufgaben und Zusammensetzung des Beirats<\/b><\/p><p>Gem\u00e4\u00df der Wahl- und Beiratsordnung setzt sich das Gremium aus gew\u00e4hlten Besuchsvertreter*innen, Vertreter*innen von lokalen Vereinen und Organisationen sowie den im Rat der Stadt K\u00f6ln vertretenen politischen Parteien zusammen. Der Beirat ber\u00e4t das B\u00fcrgerhaus Stollwerck ehrenamtlich und tr\u00e4gt dazu bei, dass:<\/p><ul><li>die Programme und Veranstaltungen des B\u00fcrgerhauses optimal auf die B\u00fcrger*innen abgestimmt sind,<\/li><li>die Eigeninitiative der Menschen im Veedel gef\u00f6rdert wird,<\/li><li>ein harmonischer Interessenausgleich zwischen allen Besuchsgruppen stattfindet.<\/li><\/ul><p>Zudem wirkt das Gremium bei grundlegenden Fragen der Hausordnung, der Raumvergabe sowie der strategischen Programmgestaltung mit.<\/p><p><b>Baumpflegearbeiten in K\u00f6ln-Flittard<\/b><\/p><p>Das Amt f\u00fcr Landschaftspflege und Gr\u00fcnfl\u00e4chen der Stadt K\u00f6ln l\u00e4sst <b>ab Montag, 17. August 2026, bis voraussichtlich Freitag, 4. September 2026, <\/b>Baumpflegearbeiten an der D\u00fcsseldorfer Stra\u00dfe, im Bereich Gr\u00fcner Kuhweg, K\u00f6ln-Flittard, vornehmen. Dabei werden F\u00e4llungen von 135 B\u00e4umen durchgef\u00fchrt. Bei den betroffenen B\u00e4umen handelt es sich um Eschen, die durch das Eschentriebsterben stark gesch\u00e4digt sind. Die B\u00e4ume wurden gr\u00fcndlich gepr\u00fcft und es wurde festgestellt, dass die Stand- und Bruchsicherheit nicht mehr vorhanden ist. Dadurch liegt eine erhebliche Verkehrsgef\u00e4hrdung vor. Die Ma\u00dfnahmen sind daher zwingend erforderlich. Vor den F\u00e4llungen werden die B\u00e4ume gem\u00e4\u00df dem Bundesnaturschutzgesetz auf Brutst\u00e4tten und andere Lebensr\u00e4ume kontrolliert. Vorhandene Jungb\u00e4ume werden die durch die F\u00e4llungen entstehenden L\u00fccken schlie\u00dfen und den Bestand wieder begr\u00fcnen. In lichteren Bereichen werden neue junge B\u00e4ume gepflanzt. Es kann zu Behinderungen auf dem Gr\u00fcnen Kuhweg und auf dem Geh-\/Radweg neben dem betroffenen Waldst\u00fcck an der D\u00fcsseldorfer Stra\u00dfe, Ecke Gr\u00fcner Kuhweg in Fahrtrichtung Leverkusen, kommen. Forstmaschinen queren den Gr\u00fcnen Kuhweg, daher ist mit Fahrbahnverschmutzungen zu rechnen. Aufgrund des Einsatzes von Motors\u00e4gen und H\u00e4ckslern kann es zu L\u00e4rmbel\u00e4stigungen kommen. Die Stadt K\u00f6ln bittet daf\u00fcr um Verst\u00e4ndnis.<\/p>","timestamp":"2026-08-14 13:30:06","title_de":"Aus \u00c4mtern und Stadtbezirken","untertitle":null,"url":"\/politik-und-verwaltung\/presse\/mitteilungen\/28599\/index.html"},{"id":"38787","directory":"\/politik-und-verwaltung\/presse\/mitteilungen\/28598","presse_jahr":"2026","presse_monat":"08","presse_tag":"14","presse_uhrzeit":"10:44","teaser_de":"Angebot legt auch einen Schwerpunkt auf aktuelle Entwicklungen in der Arbeitswelt","textblock_9_0":"<p>Im September 2026 starten an der K\u00f6lner <abbr lang=\"de\" title=\"Volkshochschule\" xml:lang=\"de\">VHS<\/abbr> neue Kurse, Workshops und Bildungsurlaube. Ob Sprachen, Gesundheit, Digitale Technik, Medien, Management, Kommunikation, K\u00fcnstliche Intelligenz, Umwelt, Verbraucherfragen, Kunst und Kultur oder gesellschaftliche Themen die K\u00f6lner <abbr lang=\"de\" title=\"Volkshochschule\" xml:lang=\"de\">VHS<\/abbr> bietet Bildungsangebote, die beruflich und im Alltag weiterhelfen.<\/p><blockquote><p>Unsere Kurse geben Menschen die M\u00f6glichkeit, sich weiterzuentwickeln, pers\u00f6nliche Interessen zu entdecken und gemeinsam mit anderen Neues auszuprobieren,<\/p><\/blockquote><p>sagt <abbr lang=\"de\" title=\"Doktor\" xml:lang=\"de\">Dr<\/abbr>. Marie Batzel, Leiterin der K\u00f6lner <abbr lang=\"de\" title=\"Volkshochschule\" xml:lang=\"de\">VHS<\/abbr>.<\/p><blockquote><p>Gerade mehrw\u00f6chige Kurse geben Raum, tief in ein Thema einzusteigen, Erfahrungen mit anderen auszutauschen und Schritt f\u00fcr Schritt zu lernen.<\/p><\/blockquote><p>Ein Schwerpunkt des neuen Programms liegt auf aktuellen Entwicklungen in der Arbeitswelt. Neue Kurse zeigen, wie K\u00fcnstliche Intelligenz sinnvoll im Berufsalltag eingesetzt werden kann von der Automatisierung wiederkehrender Aufgaben bis hin zur Entwicklung eigener Anwendungen. Weitere berufliche Kurse besch\u00e4ftigen sich mit moderner F\u00fchrung und erfolgreicher Zusammenarbeit, respektvoller Kommunikation in vielf\u00e4ltigen Teams sowie dem Umgang mit Ver\u00e4nderungen und Unsicherheiten im Berufsleben.<\/p><p>Auch das Angebot der Sprachkurse entwickelt sich weiter: Neue Formate verbinden Sprache mit Kultur und Alltag. So k\u00f6nnen Teilnehmende ihr Deutsch beim gemeinsamen Entdecken von Kunst und K\u00f6ln verbessern, Italienisch in lockerer Atmosph\u00e4re \u00fcben oder Theater auf Spanisch spielen. Daneben k\u00f6nnen an der K\u00f6lner <abbr lang=\"de\" title=\"Volkshochschule\" xml:lang=\"de\">VHS<\/abbr> mehr als 30 Fremdsprachen erlernt werden vom Einstiegskurs bis zu Konversations- und Literaturkursen in der Fremdsprache.<\/p><p>Wer etwas f\u00fcr die Gesundheit tun m\u00f6chte, findet auch daf\u00fcr zahlreiche Kurse f\u00fcr jedes Alter von Yoga, Pilates und Waldbaden bis hin zu Krafttraining. Speziell f\u00fcr Menschen ab 60 Jahren gibt es gezielte Bewegungsangebote. Kreative Kurse aus den Bereichen Malerei, Fotografie, Musik, Literatur und Kunsthandwerk laden dazu ein, neue Ausdrucksformen zu entdecken und eigene Ideen zu verwirklichen.<\/p><p>Gesellschaftliche Themen stehen im Herbst und Winter ebenfalls im Fokus. Mit der Demokratie-Praxis-Reihe \"Stimme erheben Widerstand leisten! Dein Einsatz f\u00fcr Menschenrechte und Demokratie\" setzen die K\u00f6lner <abbr lang=\"de\" title=\"Volkshochschule\" xml:lang=\"de\">VHS<\/abbr>, die Partnerschaft f\u00fcr Demokratie der <abbr lang=\"de\" title=\"Arbeiterwohlfahrt\" xml:lang=\"de\">AWO<\/abbr> K\u00f6ln, <span class=\"sprache\" lang=\"en\" xml:lang=\"en\">Amnesty International<\/span> K\u00f6ln und die Initiative Menschenrechtsstadt K\u00f6ln ihre erfolgreiche Zusammenarbeit fort. Von September bis Dezember 2026 laden <span class=\"sprache\" lang=\"en\" xml:lang=\"en\">Workshops<\/span>, Gespr\u00e4che und Veranstaltungen dazu ein, sich mit Menschenrechten, demokratischer Teilhabe und gesellschaftlichem <span class=\"sprache\" lang=\"fr\" xml:lang=\"fr\">Engagement<\/span> auseinanderzusetzen.<\/p><p>Im September beginnen auch neue Integrations- und Berufssprachkurse sowie Angebote in den Bereichen Alphabetisierung, Grundbildung und Deutsch als Fremdsprache. Sie richten sich an Menschen, die ihre Deutschkenntnisse f\u00fcr Alltag, Ausbildung oder Beruf verbessern m\u00f6chten. Das Angebot reicht von Einstiegskursen bis zu berufsbezogenen Sprachkursen, hier unter anderem Spezialangebote f\u00fcr Pflegekr\u00e4fte, Entbindungspfleger*innen, Physiotherapeut*innen sowie p\u00e4dagogische Fachkr\u00e4fte in Kitas.<\/p><p>Die K\u00f6lner VHS bietet in allen Themenbereichen eine pers\u00f6nliche Beratung an und hilft dabei, den passenden Kurs zu finden. Als kommunales Weiterbildungszentrum steht die K\u00f6lner VHS f\u00fcr unabh\u00e4ngige Bildung, hohe Qualit\u00e4t und einen offenen Zugang f\u00fcr alle.<\/p>","timestamp":"2026-08-14 10:50:19","title_de":"Neue Kurse der K\u00f6lner VHS starten im September","untertitle":"Angebot legt auch einen Schwerpunkt auf aktuelle Entwicklungen in der Arbeitswelt","url":"\/politik-und-verwaltung\/presse\/mitteilungen\/28598\/index.html"},{"id":"38785","directory":"\/politik-und-verwaltung\/presse\/mitteilungen\/28597","presse_jahr":"2026","presse_monat":"08","presse_tag":"12","presse_uhrzeit":"11:02","teaser_de":"Abk\u00fchlung vor Ort auf dem Severinskirchplatz und auf dem Rudolfplatz","textblock_9_0":"<p>K\u00f6ln stehen in den n\u00e4chsten Tagen wieder hochsommerliche Temperaturen bis 38 Grad bevor: Damit sich die K\u00f6lner*innen abk\u00fchlen k\u00f6nnen, werden am morgigen <b>Donnerstag, 13. August 2026<\/b>, <b>von 13 bis 17 Uhr<\/b> Wasserschl\u00e4uche auf dem Severinskirchplatz ausgelegt. Am <b>Freitag, 14. August, findet dieselbe Aktion von 13 bis 17 Uhr<\/b> auf dem Rudolfplatz statt. Bereits Ende Juni und Ende Juli hatte die Stadt K\u00f6ln dort gemeinsam mit der RheinEnergie f\u00fcr eine Abk\u00fchlung der Umgebung durch den Einsatz von Wasserschl\u00e4uchen im Rahmen des Projekts \"<span class=\"sprache\" lang=\"en\" xml:lang=\"en\">Cooling Cologne<\/span>\" gesorgt.<\/p><p>Mit von der RheinEnergie bereitgestellten Schl\u00e4uchen, die feinen Wassernebel verspr\u00fchen, werden gezielt besonders hitzebelastete Bereiche abgek\u00fchlt, damit sich die Stadtbesucher*innen vor Ort erfrischen k\u00f6nnen. Die Spr\u00fchschl\u00e4uche werden insbesondere an Tagen mit Hitzewarnungen des Deutschen Wetterdienstes (DWD) eingesetzt also dann, wenn Meteorologen eine starke W\u00e4rmebelastung \u00fcber mindestens zwei Tage hinweg vorhersagen und auch nachts keine ausreichende Abk\u00fchlung mehr erfolgt. Die feinen Wassertr\u00f6pfchen senken die Umgebungstemperatur sp\u00fcrbar und schaffen so k\u00fchle R\u00fcckzugsorte im \u00f6ffentlichen Raum. Auch gesundheitliche Risiken k\u00f6nnen dadurch verringert werden.<\/p><p>\"<span class=\"sprache\" lang=\"en\" xml:lang=\"en\">Cooling Cologne<\/span>\" ist eine Ma\u00dfnahme der Stadt K\u00f6ln im Rahmen der Anpassungsaktivit\u00e4ten an den fortschreitenden Klimawandel. Bei sommerlichen Hitzeereignissen sollen R\u00e4ume f\u00fcr einen k\u00fchlen Aufenthalt geschaffen werden, wodurch Menschen eine Linderung der akuten Hitzebelastung erfahren und gesundheitliche Risiken somit verringert werden k\u00f6nnen. Ein umfassendes Sicherheits- und Hygienekonzept gew\u00e4hrleistet den einwandfreien Betrieb. Alle Passanten k\u00f6nnen den k\u00fchlen Wassernebel selbstverst\u00e4ndlich kostenlos nutzen, um auch an sehr hei\u00dfen Tagen eine k\u00fchle Umgebung zu erfahren. Vor Ort werden Informationen zum Umgang mit Hitze und den Klimawandelfolgen bereitgestellt und es wird beraten, wie sich B\u00fcrger*innen auf den Klimawandel vorbereiten k\u00f6nnen. Die RheinEnergie ist an beiden Tagen mit einer mobilen Wassertheke vor Ort und versorgt Passant*innen mit frischem kostenlosem Trinkwasser.<\/p><p>Weitere Informationen zum Thema Hitze mit vielen hilfreichen Tipps gibt es im st\u00e4dtischen Hitze-Portal unter <a title=\"https:\/\/www.stadt-koeln.de\/leben-in-koeln\/umwelt-tiere\/klima\/hitzeportal\/index.html\" href=\"https:\/\/www.stadt-koeln.de\/leben-in-koeln\/umwelt-tiere\/klima\/hitzeportal\/index.html\">https:\/\/www.stadt-koeln.de\/hitzeportal<\/a><\/p>","timestamp":"2026-08-12 11:05:25","title_de":"Weitere Aktionen von \u201eCooling Cologne\u201c am Donnerstag und Freitag","untertitle":"Abk\u00fchlung vor Ort auf dem Severinskirchplatz und auf dem Rudolfplatz","url":"\/politik-und-verwaltung\/presse\/mitteilungen\/28597\/index.html"},{"id":"38783","directory":"\/politik-und-verwaltung\/presse\/mitteilungen\/28596","presse_jahr":"2026","presse_monat":"08","presse_tag":"10","presse_uhrzeit":"13:33","teaser_de":null,"textblock_9_0":"<p><b>F\u00fchrung: Arboreten in K\u00f6ln F\u00fchrung im \u00c4u\u00dferen Gr\u00fcng\u00fcrtel<br><\/b>Aufgrund von arch\u00e4ologischen Funden einer bandkeramischen Siedlung in den 1930er Jahren, konnte im Bereich der D\u00fcrener Stra\u00dfe der \u00c4u\u00dfere Gr\u00fcng\u00fcrtel nicht ausgebaut werden. Es folgte die Planung f\u00fcr einen neuen Botanischen Garten und f\u00fcr den landschaftlichen Teil des Reichsarboretums, die jedoch nur in Ans\u00e4tzen umgesetzt wurden. Bei einer F\u00fchrung am <b>Freitag, 4. September 2026, 16 Uhr, <\/b>erfahren die Teilnehmenden unter anderem, welche fremdl\u00e4ndischen Baumarten in den 1960er Jahren im Sinne eines Arboretums angepflanzt wurden. Die Veranstaltung findet in Zusammenarbeit mit dem Verein der Freunde und F\u00f6rderer des Lindenthaler Tierparks <abbr lang=\"de\" title=\"eingetragener Verein\" xml:lang=\"de\">e. V.<\/abbr> und der K\u00f6lner Gr\u00fcnstiftung statt. Die Teilnahme ist kostenlos. Eine Anmeldung ist nicht erforderlich. Die F\u00fchrung eignet sich f\u00fcr Erwachsene mit Kindern. Treffpunkt ist die <abbr lang=\"de\" title=\"K\u00f6lner Verkehrs-Betriebe\" xml:lang=\"de\">KVB<\/abbr>-Haltestelle St\u00fcttgenhof. Sie ist zu erreichen mit der <abbr lang=\"de\" title=\"K\u00f6lner Verkehrs-Betriebe\" xml:lang=\"de\">KVB<\/abbr>-Linie 7.<\/p><p><b>Offene F\u00fchrung durch den Naturerlebnisgarten in Finkens Garten<br><\/b>Am <b>Freitag, 4. September 2026, findet von 14.30 bis 16 Uhr<\/b> eine F\u00fchrung f\u00fcr Erwachsene durch den Naturerlebnisgarten im Finkens Garten statt. Das Team von Finkens Garten gibt Einblicke in die Geschichte und Entwicklung von K\u00f6lns Naturerlebnisgarten. Der Treffpunkt ist am Eingangstor von Finkens Garten in der Friedrich-Ebert-Stra\u00dfe 49. Er ist mit den <abbr lang=\"de\" title=\"K\u00f6lner Verkehrs-Betriebe\" xml:lang=\"de\">KVB<\/abbr>-Linien 16, 17, 130 und 135, Haltestelle Rodenkirchen Bahnhof, oder mit der <abbr lang=\"de\" title=\"K\u00f6lner Verkehrs-Betriebe\" xml:lang=\"de\">KVB<\/abbr>-Linie 131, Haltestelle Konrad-Adenauer-Stra\u00dfe, zu erreichen. Die Teilnahme ist kostenlos, eine Anmeldung ist nicht erforderlich. F\u00fcr Spenden zugunsten der naturp\u00e4dagogischen Arbeit in Finkens Garten ist der F\u00f6rderverein dankbar. Weitere Informationen unter <a title=\"https:\/\/www.finkensgarten.org\/\" href=\"https:\/\/www.finkensgarten.org\/\">www.finkensgarten.org<\/a>.<\/p><p><b>Waldmesse im Tierpark<br><\/b>Am <b>Sonntag, 6. September 2026, 11 Uhr<\/b>, l\u00e4dt der Verein der Freunde und F\u00f6rderer des Lindenthaler Tierparks <abbr lang=\"de\" title=\"eingetragener Verein\" xml:lang=\"de\">e. V.<\/abbr> zur traditionellen Waldmesse in den Lindenthaler Tierpark ein. Die Messe findet unter freiem Himmel statt und ist ein besonderes Erlebnis f\u00fcr Jung und Alt. Anschlie\u00dfend gibt es Leckeres zu essen, zu trinken und eine Greifvogelschau. Die Teilnahme ist kostenlos. Eine Anmeldung ist nicht erforderlich.<\/p><p>Treffpunkt ist der Lindenthaler Tierpark in der Kitschburger Stra\u00dfe in K\u00f6ln-Lindenthal. Der Park ist \u00fcber die <abbr lang=\"de\" title=\"K\u00f6lner Verkehrs-Betriebe\" xml:lang=\"de\">KVB<\/abbr>-Linien 7 und 136 an der Haltestelle Brahmsstra\u00dfe oder \u00fcber die <abbr lang=\"de\" title=\"K\u00f6lner Verkehrs-Betriebe\" xml:lang=\"de\">KVB<\/abbr>-Linie 136 an der Haltestelle Kitschburger Stra\u00dfe erreichbar.<\/p><p><b>Den Forst erleben Klimawandel hautnah: F\u00fchrung durch das Waldlabor<br><\/b>Am <b>Dienstag, 8. September 2026<\/b>, findet <b>um<\/b> <b>17 Uhr <\/b>eine F\u00fchrung mit dem F\u00f6rster Michael Hundt durch das \"Waldlabor\" statt. In dem Experimentierfeld \"Waldlabor\" werden die Baumarten vorgestellt, die wegen des Klimawandels im Wald der Zukunft eine Rolle spielen. Au\u00dferdem wird erkl\u00e4rt, wie Wald zur Energiegewinnung angelegt und bewirtschaftet wird. Der Wildniswald vermittelt einen Eindruck von nat\u00fcrlicher Waldentwicklung. Der Treffpunkt ist das Waldlabor an der Bachemer Landstra\u00dfe\/Ecke St\u00fcttgenweg, in K\u00f6ln-Junkersdorf. Er ist mit der <abbr lang=\"de\" title=\"K\u00f6lner Verkehrs-Betriebe\" xml:lang=\"de\">KVB<\/abbr>-Linie 7, Haltestelle St\u00fcttgenhof, zu erreichen. Die Teilnahme ist kostenlos, eine Anmeldung ist nicht erforderlich.<\/p><p><b>Feierabendrundgang: Themenf\u00fchrung im Botanischen Garten<br><\/b>Gartenliebhaber*innen und Botanik-Interessierte kommen nach Feierabend in den Genuss von fachkundigen Rundg\u00e4ngen. Die Flora und der Botanische Garten der Stadt K\u00f6ln laden zu einer kleinen Reihe von Kurzf\u00fchrungen ein. Dabei nimmt Henrike Warlitzer vom F\u00fchrungsservice des F\u00f6rdervereins Freundeskreis Botanischer Garten\" alle Interessierten mit, und erkundet bei dieser 45-min\u00fctigen F\u00fchrung die spannenden, interessanten und sehr unterschiedlichen Seiten des Botanischen Gartens und seiner Pflanzen- und Tierwelt. Die F\u00fchrung findet bei jeder Witterung statt. Die Teilnahme an der F\u00fchrung ist kostenlos, Spenden sind willkommen. Der Feierabendrundgang findet am <b>Dienstag, 8. September 2026,<\/b> statt. Treffpunkt ist um <b>18 Uhr<\/b> am Haupteingang der Flora, Alter Stammheimer Weg, K\u00f6ln-Riehl. Er ist erreichbar mit der Stadtbahnlinie 18 und der Buslinie 140, jeweils Haltestelle Zoo\/Flora.<\/p><p>Eine Anmeldung ist bis<b> 1. September 2026 <\/b>per Mail an <a title=\"anmeldung-botanischergarten@stadt-koeln.de \" href=\"mailto:anmeldung-botanischergarten@stadt-koeln.de\">anmeldung-botanischergarten@stadt-koeln.de<\/a> erforderlich. Die Teilnehmendenzahl ist begrenzt.<\/p><p><b>Radf\u00fchrung durch den \u00e4u\u00dferen Wald und Wieseng\u00fcrtel Teil II, linksrheinisch<br><\/b>Der \u00e4u\u00dfere Wald- und Wieseng\u00fcrtel wurde ab den 1920er Jahren auf dem ehemaligen preu\u00dfischen \u00e4u\u00dferen Befestigungsring angelegt. Heute umspannt der \u00c4u\u00dfere Gr\u00fcng\u00fcrtel das Stadtgebiet mit einer L\u00e4nge von 42 Kilometern. Die am <b>Samstag, 12. September 2026, von 12 bis etwa 16 Uhr<\/b> stattfindende Radtour f\u00fchrt in drei Etappen entlang des Gr\u00fcng\u00fcrtel-Rundweges. Dabei werden die Entstehungsgeschichte, die Besonderheiten und die Waldzusammensetzung erl\u00e4utert. Die Teilnahme ist kostenlos, eine Anmeldung per E-Mail ist jedoch erforderlich an <a title=\"sdw-nrw-koeln@netcologne.de\" href=\"mailto:sdw-nrw-koeln@netcologne.de\">sdw-nrw-koeln@netcologne.de<\/a>. Die Radf\u00fchrung eignet sich auch f\u00fcr Erwachsene mit Kindern. Die Anzahl der Teilnehmenden ist auf 20 Personen beschr\u00e4nkt. Hunde sind bei dieser Veranstaltung nicht erlaubt. Treffpunkt der Veranstaltung ist an der <abbr lang=\"de\" title=\"K\u00f6lner Verkehrs-Betriebe\" xml:lang=\"de\">KVB<\/abbr>-Haltestelle Wilhelm-Sollmann-Stra\u00dfe. Sie ist zu erreichen mit den <abbr lang=\"de\" title=\"K\u00f6lner Verkehrs-Betriebe\" xml:lang=\"de\">KVB<\/abbr>-Linien 12 und 15.<\/p><p><b>Kreativ-Workshops \"Wald der Zukunft\" auf <\/b><b>Gut Leidenhausen<br><\/b>Im Haus des Waldes er\u00f6ffnet 2027 die neue Ausstellung Wald der Zukunft\". Sie behandelt Themen wie einen nachhaltigen Umgang mit Wald und die Beziehung zwischen Menschen in der Stadt und ihrem Wald. In Zusammenarbeit mit \"\u00f6koRAUSCH Think tank <abbr lang=\"de\" title=\"eingetragener Verein\" xml:lang=\"de\">e. V.<\/abbr>\" wird das Team vom Haus des Waldes in der Workshop-Reihe \"Lebendiges Museum\" zu diesen Themen in der neu eingerichteten Werkecke der Waldschule K\u00f6ln mit ausgew\u00e4hlten Referent*innen kreativ: ob im nachhaltigen Gestalten mit Natur- oder Upcycling-Materialien, ob handwerklich oder k\u00fcnstlerisch: immer stehen Materialien des Waldes oder der Wald selbst im Mittelpunkt.<\/p><p>Der erste Workshop findet am <b>Sonntag, 13. September 2026, 11 bis 16 Uhr,<\/b> statt.<\/p><p>Details und Zielgruppen der einzelnen Termine ab Mai 2026 sind unter <a title=\"https:\/\/www.sdw-nrw-koeln.de\/\" href=\"https:\/\/www.sdw-nrw-koeln.de\/\">www.sdw-nrw-koeln.de<\/a> zu finden. Die Teilnahme ist kostenlos. Eine Anmeldung ist erforderlich per Mail an <a title=\"sdw-nrw-koeln@netcologne.de\" href=\"mailto:sdw-nrw-koeln@netcologne.de\">sdw-nrw-koeln@netcologne.de<\/a>. Treffpunkt ist das Haus des Waldes Gut Leidenhausen, Grengeler Mauspfad in K\u00f6ln-Eil, erreichbar mit den <abbr lang=\"de\" title=\"K\u00f6lner Verkehrs-Betriebe\" xml:lang=\"de\">KVB<\/abbr>- Linien 151 und 152 an der Haltestelle Eil, Heumarer Stra\u00dfe, oder Endhaltestelle der Linie 9 \"K\u00f6nigsforst\" und dann weiter mit dem <a title=\"Regionalverkehr K\u00f6ln\" href=\"\/imp\/document\/Regionalverkehr K\u00f6ln\">RVK<\/a>-Bus 423 bis Gut Leidenhausen.<\/p><p><b>Apfelfest mit Apfelsaftpressen auf <\/b><b>Gut Leidenhausen<br><\/b>Auch in diesem Jahr wird am <b>Sonntag, 13. September 2026,<\/b> zwischen <b>11 und 17 Uhr<\/b> auf Gut Leidenhausen das Apfelfest gefeiert. Neben der Ausstellung alter Apfelsorten, Wissenswertem rund um Bienen und historische Landmaschinen, gibt es ein gro\u00dfes kulinarisches Angebot, Apfelkuchen und Apfelwaffeln sowie den Verkauf alter Obstbaumsorten und K\u00f6lner Honig. Wer wissen m\u00f6chte, welche \u00c4pfel in seinem Garten wachsen, kann zur Bestimmung f\u00fcnf Fr\u00fcchte pro Sorte mitbringen.<\/p><p>H\u00f6hepunkt ist eine Saftpressaktion, bei der die Besucher*innen von ihren eigenen mitgebrachten \u00c4pfeln und Birnen in einer gro\u00dfen Saftpresse Saft pressen lassen k\u00f6nnen. Die Fr\u00fcchte von allen Besucher*innen werden zusammengepresst und daraus ein gemeinsamer \"K\u00f6lner Streuobstwiesensaft\" erstellt. Dabei werden zwei gro\u00dfe Eimer Obst (20 Kilogramm) ohne Zuzahlung gegen f\u00fcnf Liter frischen Saft getauscht. Au\u00dferdem kann der Streuobstwiesensaft k\u00e4uflich erworben werden. Personen, die gro\u00dfe Mengen (ab 100 Kilogramm) zu pressen haben, sollten sich vorab anmelden, um Wartezeiten zu vermeiden. Auch an anderen Stellen in K\u00f6ln kann am selben Tag Obst gegen Saft getauscht werden. Genaue Standortangaben sind auf der Homepage des Umweltbildungszentrums zu finden.<\/p><p>F\u00fcr alle G\u00e4rtner*innen, die keine Zeit zur Obsternte haben, kommt das Umweltbildungszentrum gerne nach Absprache auf ihre private Obstbaumwiese. Die gewonnenen Spenden kommen Umweltbildungsprojekten zugute.<\/p><p><b>Hinweis:<\/b> An diesem Tag sind alle Zufahrtsgenehmigungen der Stadt K\u00f6ln ausgesetzt. Eine Zufahrt muss beim Veranstalter beantragt werden. Die Teilnahme ist kostenlos, eine Anmeldung ist nicht erforderlich. Treffpunkt ist das Umweltbildungszentrum Gut Leidenhausen, Grengeler Mauspfad in K\u00f6ln-Eil, erreichbar mit den <abbr lang=\"de\" title=\"K\u00f6lner Verkehrs-Betriebe\" xml:lang=\"de\">KVB<\/abbr>- Linien 151 und 152 an der Haltestelle Eil Heumarer Stra\u00dfe oder Endhaltestelle der Linie 9 \"K\u00f6nigsforst\" und dann weiter mit dem <abbr lang=\"de\" title=\"Regionalverkehr K\u00f6ln\" xml:lang=\"de\">RVK<\/abbr>-Bus 423 bis Gut Leidenhausen.<\/p><p><b>Zwischen Pr\u00e4rien und Amazonas was die Pflanzenwelt Amerikas den Menschen gab<br><\/b>Kartoffeln, Tomaten, Mais, Bohnen, K\u00fcrbis sie alle wurden zuerst von Kulturen Amerikas angebaut und genutzt. Dar\u00fcber hinaus gibt es zahlreiche weitere wertvolle Pflanzen, die bereits Jahrtausende durch indigene V\u00f6lker als Nahrung, f\u00fcr Fasern, Farbstoffe und vieles mehr genutzt werden und zum Teil erst viel sp\u00e4ter in Europa Bekanntheit erlangten, wo sie als \"Neuheit\" oder \"Superfood\" angeboten werden. Bei seiner F\u00fchrung am <b>Sonntag, 20. September 2026,<\/b> nimmt Arne Seringer vom Botanischen Garten die Teilnehmenden in die Welt einiger der wichtigsten Pflanzen der amerikanischen Ureinwohner mit und ergr\u00fcndet ihre Rolle nicht nur in der Geschichte und Kultur, sondern auch, wie diese Pflanzen genutzt wurden und welche Bedeutung sie heute noch haben. Die Teilnahme an der F\u00fchrung kostet sieben Euro f\u00fcr Erwachsene und vier Euro f\u00fcr Kinder, Sch\u00fcler und Studenten, f\u00fcr Mitglieder des Freundeskreises, Inhaber*innen von K\u00f6lnPass, Behindertenausweis und Ehrenamtskarte <abbr lang=\"de\" title=\"Nordrhein-Westfalen\" xml:lang=\"de\">NRW<\/abbr>.<\/p><p>Treffpunkt ist vor dem Haupteingang der Flora, Alter Stammheimer Weg, K\u00f6ln-Riehl, erreichbar mit der Stadtbahnlinie 18 und der Buslinie 140, jeweils Haltestelle Zoo\/Flora.<\/p><p>Eine Anmeldung ist <b>bis 13. September 2026<\/b> per Mail an <a title=\"anmeldung-botanischergarten@stadt-koeln.de \" href=\"mailto:anmeldung-botanischergarten@stadt-koeln.de\">anmeldung-botanischergarten@stadt-koeln.de<\/a> erforderlich. Die Teilnehmerzahl ist begrenzt.<\/p><p>Wir bitten um Ank\u00fcndigung der F\u00fchrung. Zur Berichterstattung sind Sie herzlich eingeladen.<\/p><p><b>Stadtnatur Beobachten und Entdecken im K\u00f6lner StadtNaturPark Siebenh\u00fcgelpark<br><\/b>Die Vielfalt vor der Haust\u00fcr entdecken. Bei einem gef\u00fchrten Rundgang durch den StadtNaturPark am <b>Dienstag, 22. September 2026, von 16 bis 18 Uhr<\/b>, erfahren die Teilnehmenden, wie st\u00e4dtische Gr\u00fcnfl\u00e4chen in wertvolle Lebensr\u00e4ume f\u00fcr Pflanzen und Tiere umgewandelt werden. Neben spannenden Einblicken in die \u00f6kologische Aufwertung der Fl\u00e4che gibt es praktische Beispiele zur F\u00f6rderung der Stadtnatur. Die F\u00fchrung von Gerhard Stricker, Leiter des Bereiches Stadtgr\u00fcn und Forst beim Amt f\u00fcr Landschaftspflege und Gr\u00fcnfl\u00e4chen, l\u00e4dt ein zum Beobachten und zum Austausch \u00fcber die Bedeutung von naturnahen Parks f\u00fcr Klima, Biodiversit\u00e4t und Lebensqualit\u00e4t in K\u00f6ln.<\/p><p>Die Teilnahme ist kostenlos. Eine Anmeldung ist bis zum <b>21. September 2026<\/b> per E-Mail an <a title=\"gerhard.stricker@stadt-koeln.de \" href=\"mailto:gerhard.stricker@stadt-koeln.de\">gerhard.stricker@stadt-koeln.de<\/a> erforderlich.<\/p><p>Treffpunkt ist Biesterfeld, Vogelsang 50.96203885686808, 6.885012816188752 (Koordinaten <span class=\"sprache\" lang=\"en\" xml:lang=\"en\">Google Maps<\/span>).<\/p><p><b>Der Wald des \u00e4u\u00dferen Gr\u00fcng\u00fcrtels und das Waldlabor<br><\/b>Der \u00c4u\u00dfere Gr\u00fcng\u00fcrtel wurde in den 1920er Jahren als Wald- und Wieseng\u00fcrtel angelegt. Im Rahmen der F\u00fchrung am <b>Freitag, 25. September 2026, von 16 bis 18 Uhr, <\/b>erl\u00e4utert Dr. Joachim Bauer, nach welchen Vorgaben der mittlerweile 100 Jahre alte Wald angelegt wurde. Mit dem anschlie\u00dfenden Besuch des Waldlabors wird auf die Zukunft des K\u00f6lner Waldes eingegangen. Die Teilnahme ist kostenlos. Eine Anmeldung ist erforderlich unter <a title=\"sdw-nrw-koeln@netcologne.de\" href=\"mailto:sdw-nrw-koeln@netcologne.de\">sdw-nrw-koeln@netcologne.de<\/a> oder telefonisch. Treffpunkt ist der Parkplatz am Haus am See, Decksteiner Weiher, erreichbar mit der <abbr lang=\"de\" title=\"K\u00f6lner Verkehrs-Betriebe\" xml:lang=\"de\">KVB<\/abbr>-Linie 7, Haltestelle St\u00fcttgenhof.<\/p><p><b>Attraktive Veranstaltungen auch im Umweltbildungszentrum Gut Leidenhausen<br><\/b>Das Umweltbildungszentrum Gut Leidenhausen bietet ebenfalls viele attraktive Naturerlebnisse im Bereich Umweltbildung an. Eine \u00dcbersicht finden Interessierte unter <a title=\"https:\/\/www.gut-leidenhausen.de\/\" href=\"https:\/\/www.gut-leidenhausen.de\/\">www.gut-leidenhausen.de<\/a> Weitere Informationen, auch zu Veranstaltungen in den kommenden Monaten, finden Sie auf der Internetseite der Stadt K\u00f6ln unter: <a title=\"https:\/\/www.stadt-koeln.de\/leben-in-koeln\/freizeit-natur-sport\/wald\/veranstaltungsprogramm-gruenflaechen\" href=\"https:\/\/www.stadt-koeln.de\/leben-in-koeln\/freizeit-natur-sport\/wald\/veranstaltungsprogramm-gruenflaechen\">https:\/\/www.stadt-koeln.de\/leben-in-koeln\/freizeit-natur-sport<br>\/wald\/veranstaltungsprogramm-gruenflaechen<\/a><\/p>","timestamp":"2026-08-10 13:51:19","title_de":"Die botanischen Termine der Stadt K\u00f6ln im September 2026","untertitle":null,"url":"\/politik-und-verwaltung\/presse\/mitteilungen\/28596\/index.html"},{"id":"38781","directory":"\/politik-und-verwaltung\/presse\/mitteilungen\/28595","presse_jahr":"2026","presse_monat":"08","presse_tag":"10","presse_uhrzeit":"09:53","teaser_de":"Abnahme des Fl\u00fcgelautos beginnt am 13. August 2026 gegen 20 Uhr","textblock_9_0":"<p>Nach mehr als drei Jahrzehnten wird HA Schults bekannte Skulptur am Donnerstag, 13. August 2026, vom Turm des historischen Zeughauses abgenommen. Das Fl\u00fcgelauto wird anschlie\u00dfend in den Ford-Werken restauriert und soll k\u00fcnftig an einem neuen Standort am Heumarkt auf dem Maritim Hotel zu sehen sein. Seit dem 25. April 1991 thront der \"Goldene Vogel\" von HA Schult auf dem historischen Zeughaus-Turm. Am 13. August 2026 (gegen 22 Uhr) wird das auch als Fl\u00fcgelauto\" bekannte Kunstwerk vom Treppenturm des Geb\u00e4udes abgenommen. Damit beginnt der Umzug der fast zehn Meter breiten Skulptur an einen neuen Standort.<\/p><p>Grund f\u00fcr die Abnahme sind bauliche und statische Erfordernisse am denkmalgesch\u00fctzten Zeughaus. Untersuchungen hatten ergeben, dass die erhebliche Auflast durch die vier Tonnen schwere Skulptur und die durch starke Winde erzeugten Bewegungen bereits zu Sch\u00e4den am Mauerwerk gef\u00fchrt hatten. Mit der Abnahme soll der weiteren Schadensbildung vorgebeugt und die Sicherheit des Geb\u00e4udes und seiner Umgebung gew\u00e4hrleistet werden. Auch das Kunstwerk selbst weist alters- und witterungsbedingte Sch\u00e4den auf, beispielsweise durch Korrosion und muss restauriert werden. Nach der Abnahme wird der \"Goldene Vogel\" daher zun\u00e4chst zu den Ford-Werken in K\u00f6ln-Niehl gebracht und dort fachgerecht instandgesetzt.<\/p><p><b>Arbeiten in 24 Metern H\u00f6he<br><\/b>Die Abnahme des Fl\u00fcgelautos startet am Donnerstag, 13. August 2026, aus Gr\u00fcnden der Verkehrssicherheit erst gegen 20 Uhr, mit dem Aufbau des Autokrans. Die eigentliche Abnahme des Kunstwerks in rund 24 Metern H\u00f6he ist gegen 22 Uhr vorgesehen. Anschlie\u00dfend wird das Fl\u00fcgelauto gegen 23 Uhr per Schwertransport zu den Ford-Werken gebracht werden. Nach Abschluss der Restaurierung soll der \"Goldene Vogel\" im ersten Quartal 2027 seinen neuen Standort auf dem Komplex des Maritim Hotels am Heumarkt beziehen.<\/p><p>Eigent\u00fcmer des Kunstwerks ist der F\u00f6rderverein \"Freunde des K\u00f6lnischen Stadtmuseums <abbr lang=\"de\" title=\"eingetragener Verein\" xml:lang=\"de\">e. V.<\/abbr>\", der es dem K\u00f6lnischen Stadtmuseum bislang als Dauerleihgabe zur Verf\u00fcgung gestellt hat. Das Museum \u00fcberl\u00e4sst das Kunstwerk nun dem Eigent\u00fcmer des Hotelgeb\u00e4udes, der Art-Invest Real Estate.<\/p><blockquote><p>Wir freuen uns sehr \u00fcber diese L\u00f6sung,<\/p><\/blockquote><p>so Museumsdirektor <abbr lang=\"de\" title=\"Doktor\" xml:lang=\"de\">Dr.<\/abbr> Matthias Hamann.<\/p><blockquote><p>Damit bleibt ein f\u00fcr unsere Stadt und seine j\u00fcngere Geschichte wichtiges und symbolhaftes Objekt auch weiterhin und weithin sichtbar.<\/p><\/blockquote><p>Das Museum wird weiter f\u00fcr das Objekt selbst verantwortlich sein, das Maritim Hotel und Art-Invest Real Estate f\u00fcr die Standsicherheit. Auch <abbr lang=\"de\" title=\"Doktor\" xml:lang=\"de\">Dr.<\/abbr> Konrad Adenauer, Vorsitzender der Freunde des K\u00f6lnischen Stadtmuseums <abbr lang=\"de\" title=\"eingetragener Verein\" xml:lang=\"de\">e. V.<\/abbr>, zeigt sich sehr zufrieden:<\/p><blockquote><p>Als Freundeskreis ist es uns ein Anliegen, dass das Fl\u00fcgelauto \u00f6ffentlich sichtbar bleibt. Dies ist nun mit vereinten Kr\u00e4ften gelungen.<\/p><\/blockquote><p><b>1989 Teil der Kunstaktion \"Fetisch Auto\"<br><\/b>Der \"Goldene Vogel\" entstand im April 1989 im Rahmen der von HA Schult mit Beteiligung von Elke Koska konzipierten Kunstaktion \"Fetisch Auto\". F\u00fcr die von den K\u00f6lner Ford-Werken anl\u00e4sslich des 60-j\u00e4hrigen Standortjubil\u00e4ums unterst\u00fctzte Aktion wurden elf neue Ford Fiesta an verschiedenen Orten in, auf und \u00fcber K\u00f6ln k\u00fcnstlerisch verfremdet und inszeniert. Der \"Goldene Vogel\" war zun\u00e4chst f\u00fcr kurze Zeit auf dem Turm des Stapelhauses in der Frankenwerft zu sehen, bis er im April 1991 seinen neuen Platz auf dem Zeughaus fand.<\/p><p>Bei dem Werk handelt es sich um einen entkernten Ford Fiesta des Baujahrs 1989. Im Motorraum befinden sich rund 1,2 Tonnen Eisenbahnschienen. Die beiden Fl\u00fcgel aus glasfaserverst\u00e4rktem Polyesterharz wiegen jeweils rund 800 Kilogramm. Das Kunstwerk ist etwa 6,20 Meter lang, zehn Meter breit und 3,50 Meter hoch und wiegt insgesamt rund vier Tonnen. Bereits 2005 und 2012 wurde das Fl\u00fcgelauto f\u00fcr Reparatur- und Restaurierungsarbeiten vom Zeughausturm abgenommen und zu den Ford-Werken gebracht.<\/p><p>Mit der Abnahme vom Zeughausturm endet ein pr\u00e4gendes Kapitel in der Geschichte des Kunstwerks. Restaurierung und Standortwechsel gew\u00e4hrleisten, dass der \"Goldene Vogel\" auch k\u00fcnftig im K\u00f6lner Stadtbild sichtbar bleibt.<\/p>","timestamp":"2026-08-10 10:00:16","title_de":"Der \"Goldene Vogel\u201c verl\u00e4sst den Zeughausturm","untertitle":"Abnahme des Fl\u00fcgelautos beginnt am 13. August 2026 gegen 20 Uhr","url":"\/politik-und-verwaltung\/presse\/mitteilungen\/28595\/index.html"}],"count":30}